{"id":16348,"date":"2026-03-14T02:20:57","date_gmt":"2026-03-14T01:20:57","guid":{"rendered":"https:\/\/www.quieryavenir.fr\/blog\/?p=16348"},"modified":"2026-03-13T06:21:56","modified_gmt":"2026-03-13T05:21:56","slug":"face-a-la-crise-migratoire","status":"publish","type":"post","link":"https:\/\/www.quieryavenir.fr\/blog\/2026\/03\/14\/face-a-la-crise-migratoire\/","title":{"rendered":"Face \u00e0 la crise migratoire"},"content":{"rendered":"<p style=\"text-align: justify;\"><img loading=\"lazy\" decoding=\"async\" class=\"wp-image-16335 aligncenter\" src=\"https:\/\/www.quieryavenir.fr\/blog\/wp-content\/uploads\/2026\/03\/MegaCanal-02-300x181.jpg\" alt=\"\" width=\"456\" height=\"275\" srcset=\"https:\/\/www.quieryavenir.fr\/blog\/wp-content\/uploads\/2026\/03\/MegaCanal-02-300x181.jpg 300w, https:\/\/www.quieryavenir.fr\/blog\/wp-content\/uploads\/2026\/03\/MegaCanal-02-768x464.jpg 768w, https:\/\/www.quieryavenir.fr\/blog\/wp-content\/uploads\/2026\/03\/MegaCanal-02.jpg 827w\" sizes=\"auto, (max-width: 456px) 100vw, 456px\" \/><\/p>\n<h1 style=\"text-align: justify;\"><strong><span style=\"font-family: Comic Sans MS, cursive;\"><span style=\"font-size: medium;\">L\u2019enjeu pour le collectif des maires, se battre \u00ab dans la continuit\u00e9 du travail \u00bb amorc\u00e9<\/span><\/span><\/strong><\/h1>\n<p><!--more--><\/p>\n<p style=\"text-align: justify;\"><span style=\"font-family: Comic Sans MS, cursive;\"><span style=\"font-size: medium;\">Face \u00e0 la crise migratoire, des maires du littoral se battent pour faire entendre leur voix. \u00c0 l\u2019approche des municipales, certains esp\u00e8rent pouvoir travailler dans la continuit\u00e9 de ce qui a \u00e9t\u00e9 amorc\u00e9 avec le collectif des maires, lanc\u00e9 \u00e0 l\u2019automne 2024.<\/span><\/span><\/p>\n<p style=\"text-align: justify;\"><span style=\"font-family: Comic Sans MS, cursive;\"><span style=\"font-size: medium;\">Les maires du littoral sont en premi\u00e8re ligne face \u00e0\u00a0<a href=\"https:\/\/eur01.safelinks.protection.outlook.com\/?url=https%3A%2F%2Fwww.lavoixdunord.fr%2F1526199%2Farticle%2F2024-11-24%2Fune-crise-migratoire-sans-fin-un-naufrage-pour-la-france-la-grande-bretagne-et-l&amp;data=05%7C02%7Cdiane.leon%40medecinsdumonde.net%7Cf1a5f8d43b074fdb0e9608de71fa3da6%7C3c3a3c6a8d0a446aae82cee5b605904e%7C0%7C0%7C639073516767083545%7CUnknown%7CTWFpbGZsb3d8eyJFbXB0eU1hcGkiOnRydWUsIlYiOiIwLjAuMDAwMCIsIlAiOiJXaW4zMiIsIkFOIjoiTWFpbCIsIldUIjoyfQ%3D%3D%7C0%7C%7C%7C&amp;sdata=Nz2c0arAr2JDWwtguSxMNpJIpQyL5kH4oCLzh8z5N5o%3D&amp;reserved=0\">la crise migratoire<\/a>. En octobre 2024, la maire de\u00a0Calais, Natacha Bouchart lance\u00a0<a href=\"https:\/\/eur01.safelinks.protection.outlook.com\/?url=https%3A%2F%2Fwww.lavoixdunord.fr%2F1524293%2Farticle%2F2024-11-19%2Fanalyse-crise-migratoire-des-maires-du-littoral-en-quete-d-une-boussole&amp;data=05%7C02%7Cdiane.leon%40medecinsdumonde.net%7Cf1a5f8d43b074fdb0e9608de71fa3da6%7C3c3a3c6a8d0a446aae82cee5b605904e%7C0%7C0%7C639073516767095187%7CUnknown%7CTWFpbGZsb3d8eyJFbXB0eU1hcGkiOnRydWUsIlYiOiIwLjAuMDAwMCIsIlAiOiJXaW4zMiIsIkFOIjoiTWFpbCIsIldUIjoyfQ%3D%3D%7C0%7C%7C%7C&amp;sdata=l0QYm%2BuDninvHgJyyGM7gZ1j8tXvKw5McHFs34e29mo%3D&amp;reserved=0\">le collectif des maires du littoral<\/a>\u00a0, qui compte aujourd\u2019hui une quinzaine d\u2019\u00e9lus.<\/span><\/span><\/p>\n<p style=\"text-align: justify;\"><span style=\"font-family: Comic Sans MS, cursive;\"><span style=\"font-size: medium;\">Du Dunkerquois au Boulonnais,\u00a0<a href=\"https:\/\/eur01.safelinks.protection.outlook.com\/?url=https%3A%2F%2Fwww.lavoixdunord.fr%2F1661561%2Farticle%2F2026-01-03%2Fanalyse-sur-les-eaux-de-la-manche-un-eternel-recommencement&amp;data=05%7C02%7Cdiane.leon%40medecinsdumonde.net%7Cf1a5f8d43b074fdb0e9608de71fa3da6%7C3c3a3c6a8d0a446aae82cee5b605904e%7C0%7C0%7C639073516767106946%7CUnknown%7CTWFpbGZsb3d8eyJFbXB0eU1hcGkiOnRydWUsIlYiOiIwLjAuMDAwMCIsIlAiOiJXaW4zMiIsIkFOIjoiTWFpbCIsIldUIjoyfQ%3D%3D%7C0%7C%7C%7C&amp;sdata=ieBH%2BlE948Zykw5nVG1dUZkuUNi5t2iidEty3M4HQG8%3D&amp;reserved=0\">aucune commune c\u00f4ti\u00e8re n\u2019est \u00e9pargn\u00e9e<\/a>\u00a0par la crise migratoire et ses ramifications. Dans le Dunkerquois, qui concentre la majorit\u00e9 des camps de\u00a0migrants, \u2013 soit entre 800 et 1 000 personnes, jusqu\u2019\u00e0 1 500 l\u2019\u00e9t\u00e9 \u2013 , la question de\u00a0<a href=\"https:\/\/eur01.safelinks.protection.outlook.com\/?url=https%3A%2F%2Fwww.lavoixdunord.fr%2F1585906%2Farticle%2F2025-05-15%2Fdemantelement-degradations-des-conditions-de-vie-riverains-mecontents-la&amp;data=05%7C02%7Cdiane.leon%40medecinsdumonde.net%7Cf1a5f8d43b074fdb0e9608de71fa3da6%7C3c3a3c6a8d0a446aae82cee5b605904e%7C0%7C0%7C639073516767118256%7CUnknown%7CTWFpbGZsb3d8eyJFbXB0eU1hcGkiOnRydWUsIlYiOiIwLjAuMDAwMCIsIlAiOiJXaW4zMiIsIkFOIjoiTWFpbCIsIldUIjoyfQ%3D%3D%7C0%7C%7C%7C&amp;sdata=Uum1bAkljFRlyeFy1QG9rs7dXW5fZ5N%2BdETa3B9Y8%2Bw%3D&amp;reserved=0\">la cohabitation avec les habitants<\/a>\u00a0est un enjeu politique \u00e0 l\u2019approche des municipales. Des listes veulent surfer sur l\u2019inqui\u00e9tude et la col\u00e8re.<\/span><\/span><\/p>\n<p style=\"text-align: justify;\"><span style=\"font-family: Comic Sans MS, cursive;\"><span style=\"font-size: medium;\">Alain Bonnefaes, adjoint \u00e0 la s\u00e9curit\u00e9 du maire socialiste, Bertrand Ringot, a r\u00e9guli\u00e8rement repr\u00e9sent\u00e9 l\u2019\u00e9dile lors des r\u00e9unions du collectif. \u00ab\u00a0\u00a0<\/span><\/span><span style=\"font-family: Comic Sans MS, cursive;\"><span style=\"font-size: medium;\"><i>Ce dernier a permis de faire remonter au plus haut niveau les besoins de renfort des forces de l\u2019ordre et on en a eu, mais pas assez,<\/i><\/span><\/span><span style=\"font-family: Comic Sans MS, cursive;\"><span style=\"font-size: medium;\">et ces derniers mois, avec la succession de ministres, on a un peu perdu en efficacit\u00e9, argue-t-il. Il y a des choses qui doivent encore \u00eatre am\u00e9lior\u00e9es, comme extraire les\u00a0migrants\u00a0de\u00a0<a href=\"https:\/\/eur01.safelinks.protection.outlook.com\/?url=https%3A%2F%2Fwww.lavoixdunord.fr%2F1650274%2Farticle%2F2025-11-26%2Fcamps-de-migrants-des-injonctions-combler-les-insuffisances-de-l-etat-seront&amp;data=05%7C02%7Cdiane.leon%40medecinsdumonde.net%7Cf1a5f8d43b074fdb0e9608de71fa3da6%7C3c3a3c6a8d0a446aae82cee5b605904e%7C0%7C0%7C639073516767129615%7CUnknown%7CTWFpbGZsb3d8eyJFbXB0eU1hcGkiOnRydWUsIlYiOiIwLjAuMDAwMCIsIlAiOiJXaW4zMiIsIkFOIjoiTWFpbCIsIldUIjoyfQ%3D%3D%7C0%7C%7C%7C&amp;sdata=CF19YPY%2F4Av2gR9xXsY2zIwCOg%2FWAqeycCCtGOyxCNo%3D&amp;reserved=0\">ces camps sommaires<\/a>\u00a0et les \u00e9loigner dans un centre d\u2019accueil loin de la c\u00f4te.\u00a0\u00bb<\/span><\/span><\/p>\n<p style=\"text-align: justify;\"><span style=\"font-family: Comic Sans MS, cursive;\"><span style=\"font-size: medium;\"><i>La continuit\u00e9<\/i><\/span><\/span><\/p>\n<p style=\"text-align: justify;\"><span style=\"font-family: Comic Sans MS, cursive;\"><span style=\"font-size: medium;\">Ces \u00e9lus en place qui ont d\u00e9j\u00e0 vu le pire de la crise, connaissent bien le dossier. La ma\u00eetrise. Ils ont g\u00e9r\u00e9 les catastrophes. \u00ab\u00a0\u00a0<\/span><\/span><span style=\"font-family: Comic Sans MS, cursive;\"><span style=\"font-size: medium;\"><i>Et on a port\u00e9 \u00e7a au plus haut niveau politique<\/i><\/span><\/span><span style=\"font-family: Comic Sans MS, cursive;\"><span style=\"font-size: medium;\">, rappelle\u00a0<a href=\"https:\/\/eur01.safelinks.protection.outlook.com\/?url=https%3A%2F%2Fwww.lavoixdunord.fr%2F1605722%2Farticle%2F2025-07-12%2Fcrise-migratoire-au-premier-rang-des-difficultes-le-collectif-des-maires-du&amp;data=05%7C02%7Cdiane.leon%40medecinsdumonde.net%7Cf1a5f8d43b074fdb0e9608de71fa3da6%7C3c3a3c6a8d0a446aae82cee5b605904e%7C0%7C0%7C639073516767140854%7CUnknown%7CTWFpbGZsb3d8eyJFbXB0eU1hcGkiOnRydWUsIlYiOiIwLjAuMDAwMCIsIlAiOiJXaW4zMiIsIkFOIjoiTWFpbCIsIldUIjoyfQ%3D%3D%7C0%7C%7C%7C&amp;sdata=3Tgdy5DkxpC7CD2n2T2ZOkSBlWfKwOa3VQSFiAczEXk%3D&amp;reserved=0\">St\u00e9phane Pinto<\/a>\u00a0, maire d\u2019Ambleteuse.\u00a0<\/span><\/span><span style=\"font-family: Comic Sans MS, cursive;\"><span style=\"font-size: medium;\"><i>On a identifi\u00e9 des sujets sur lesquels des solutions ont \u00e9t\u00e9 apport\u00e9es, c\u2019est pour \u00e7a qu\u2019il faut garder une continuit\u00e9 de travail.<\/i><\/span><\/span><span style=\"font-family: Comic Sans MS, cursive;\"><span style=\"font-size: medium;\">\u00a0\u00bb<\/span><\/span><\/p>\n<p style=\"text-align: justify;\"><span style=\"font-family: Comic Sans MS, cursive;\"><span style=\"font-size: medium;\">\u00c0\u00a0<a href=\"https:\/\/eur01.safelinks.protection.outlook.com\/?url=https%3A%2F%2Fwww.lavoixdunord.fr%2Fart%2Fregion%2Fil-y-a-dix-ans-le-centre-de-la-croix-rouge-de-sangatte-jna0b0n804815&amp;data=05%7C02%7Cdiane.leon%40medecinsdumonde.net%7Cf1a5f8d43b074fdb0e9608de71fa3da6%7C3c3a3c6a8d0a446aae82cee5b605904e%7C0%7C0%7C639073516767154473%7CUnknown%7CTWFpbGZsb3d8eyJFbXB0eU1hcGkiOnRydWUsIlYiOiIwLjAuMDAwMCIsIlAiOiJXaW4zMiIsIkFOIjoiTWFpbCIsIldUIjoyfQ%3D%3D%7C0%7C%7C%7C&amp;sdata=bY0ucy%2FjLu3v%2Brrqa4MQjjG1m4qGwyYBnCJBk6gGBLM%3D&amp;reserved=0\">Sangatte<\/a>\u00a0, Guy Allemand a vu des \u00e9volutions, lui aussi\u00a0: police des transports, gestion des d\u00e9chets sur les plages, etc. \u00ab\u00a0\u00a0<\/span><\/span><span style=\"font-family: Comic Sans MS, cursive;\"><span style=\"font-size: medium;\"><i>Gr\u00e2ce au collectif, on est \u00e9cout\u00e9s<\/i><\/span><\/span><span style=\"font-family: Comic Sans MS, cursive;\"><span style=\"font-size: medium;\">, dit-il.\u00a0<\/span><\/span><span style=\"font-family: Comic Sans MS, cursive;\"><span style=\"font-size: medium;\"><i>Et \u00e7a a le m\u00e9rite d\u2019exister, mais si je regrette que les maires de Dunkerque et Boulogne n\u2019y soient pas, on a pas mal fait bouger le curseur.<\/i><\/span><\/span><span style=\"font-family: Comic Sans MS, cursive;\"><span style=\"font-size: medium;\">\u00bb<\/span><\/span><\/p>\n<p style=\"text-align: justify;\"><span style=\"font-family: Comic Sans MS, cursive;\"><span style=\"font-size: medium;\"><i>Ambleteuse, Audinghen, Audresselles,\u00a0Calais, Cucq, \u00c9quihen-Plage, Escalles, Grand-Fort-Philippe, Gravelines, Loon-Plage, Marck, Oye-Plage, Tardinghen, Wimille et Wissant.<\/i><\/span><\/span><\/p>\n<p style=\"text-align: justify;\"><a href=\"https:\/\/eur01.safelinks.protection.outlook.com\/?url=https%3A%2F%2Fwww.lavoixdunord.fr%2F1676769%2Farticle%2F2026-02-20%2Fface-la-crise-migratoire-l-enjeu-pour-le-collectif-des-maires-se-battre-dans-la&amp;data=05%7C02%7Cdiane.leon%40medecinsdumonde.net%7Cf1a5f8d43b074fdb0e9608de71fa3da6%7C3c3a3c6a8d0a446aae82cee5b605904e%7C0%7C0%7C639073516767066287%7CUnknown%7CTWFpbGZsb3d8eyJFbXB0eU1hcGkiOnRydWUsIlYiOiIwLjAuMDAwMCIsIlAiOiJXaW4zMiIsIkFOIjoiTWFpbCIsIldUIjoyfQ%3D%3D%7C0%7C%7C%7C&amp;sdata=%2F2FzztX0L38egBZZwo1%2BJr5VQ90asJFAu1c%2B8go2Gdg%3D&amp;reserved=0\"><span style=\"font-family: Comic Sans MS, cursive;\"><span style=\"font-size: medium;\">https:\/\/www.lavoixdunord.fr\/1676769\/article\/2026-02-20\/face-la-crise-migratoire-l-enjeu-pour-le-collectif-des-maires-se-battre-dans-la<\/span><\/span><\/a><\/p>\n","protected":false},"excerpt":{"rendered":"<p>L\u2019enjeu pour le collectif des maires, se battre \u00ab dans la continuit\u00e9 du travail \u00bb amorc\u00e9<\/p>\n","protected":false},"author":2,"featured_media":0,"comment_status":"closed","ping_status":"closed","sticky":false,"template":"","format":"standard","meta":{"footnotes":""},"categories":[1],"tags":[],"class_list":["post-16348","post","type-post","status-publish","format-standard","hentry","category-non-classe"],"_links":{"self":[{"href":"https:\/\/www.quieryavenir.fr\/blog\/wp-json\/wp\/v2\/posts\/16348","targetHints":{"allow":["GET"]}}],"collection":[{"href":"https:\/\/www.quieryavenir.fr\/blog\/wp-json\/wp\/v2\/posts"}],"about":[{"href":"https:\/\/www.quieryavenir.fr\/blog\/wp-json\/wp\/v2\/types\/post"}],"author":[{"embeddable":true,"href":"https:\/\/www.quieryavenir.fr\/blog\/wp-json\/wp\/v2\/users\/2"}],"replies":[{"embeddable":true,"href":"https:\/\/www.quieryavenir.fr\/blog\/wp-json\/wp\/v2\/comments?post=16348"}],"version-history":[{"count":1,"href":"https:\/\/www.quieryavenir.fr\/blog\/wp-json\/wp\/v2\/posts\/16348\/revisions"}],"predecessor-version":[{"id":16349,"href":"https:\/\/www.quieryavenir.fr\/blog\/wp-json\/wp\/v2\/posts\/16348\/revisions\/16349"}],"wp:attachment":[{"href":"https:\/\/www.quieryavenir.fr\/blog\/wp-json\/wp\/v2\/media?parent=16348"}],"wp:term":[{"taxonomy":"category","embeddable":true,"href":"https:\/\/www.quieryavenir.fr\/blog\/wp-json\/wp\/v2\/categories?post=16348"},{"taxonomy":"post_tag","embeddable":true,"href":"https:\/\/www.quieryavenir.fr\/blog\/wp-json\/wp\/v2\/tags?post=16348"}],"curies":[{"name":"wp","href":"https:\/\/api.w.org\/{rel}","templated":true}]}}