{"id":16359,"date":"2026-03-16T02:59:19","date_gmt":"2026-03-16T01:59:19","guid":{"rendered":"https:\/\/www.quieryavenir.fr\/blog\/?p=16359"},"modified":"2026-03-15T06:00:56","modified_gmt":"2026-03-15T05:00:56","slug":"des-nouvelles-des-palestiniens-et-disrael","status":"publish","type":"post","link":"https:\/\/www.quieryavenir.fr\/blog\/2026\/03\/16\/des-nouvelles-des-palestiniens-et-disrael\/","title":{"rendered":"Des nouvelles des Palestiniens et d\u2019Isra\u00ebl"},"content":{"rendered":"<p style=\"text-align: justify;\"><img loading=\"lazy\" decoding=\"async\" class=\"wp-image-16352 aligncenter\" src=\"https:\/\/www.quieryavenir.fr\/blog\/wp-content\/uploads\/2026\/03\/CSNE-260329-240x300.jpg\" alt=\"\" width=\"426\" height=\"533\" srcset=\"https:\/\/www.quieryavenir.fr\/blog\/wp-content\/uploads\/2026\/03\/CSNE-260329-240x300.jpg 240w, https:\/\/www.quieryavenir.fr\/blog\/wp-content\/uploads\/2026\/03\/CSNE-260329.jpg 500w\" sizes=\"auto, (max-width: 426px) 100vw, 426px\" \/><\/p>\n<h1 style=\"text-align: justify;\"><span style=\"font-family: Comic Sans MS, serif;\"><span style=\"font-size: medium;\">Une information de l\u2019AFPS<\/span><\/span><\/h1>\n<p><!--more--><\/p>\n<p style=\"text-align: justify;\"><span style=\"font-family: Comic Sans MS, serif;\"><span style=\"font-size: medium;\">Statistiques: 15,5 millions de Palestiniens dans le monde<br \/>\n9.300 prisonniers et d\u00e9tenus (350 enfants, 56 femmes, 3.358 \u00abadministratifs\u00a0\u00bb)<br \/>\n737 + 145 jours de guerre g\u00e9nocidaire \u00e0 Gaza:<\/span><\/span><\/p>\n<p style=\"text-align: justify;\"><span style=\"font-family: Comic Sans MS, serif;\"><span style=\"font-size: medium;\">Martyrs<\/span><\/span><\/p>\n<p style=\"text-align: justify;\"><span style=\"font-family: Comic Sans MS, serif;\"><span style=\"font-size: medium;\">A Gaza<\/span><\/span><\/p>\n<p style=\"text-align: justify;\"><span style=\"font-family: Comic Sans MS, serif;\"><span style=\"font-size: medium;\">&#8211; 72.116 martyrs dont plus de 18.592 enfants et 12.400 femmes<\/span><\/span><\/p>\n<p style=\"text-align: justify;\"><span style=\"font-family: Comic Sans MS, serif;\"><span style=\"font-size: medium;\">&#8211; 471 martyrs de la famine dont 165 enfants et 11 enfants morts de froid<\/span><\/span><\/p>\n<p style=\"text-align: justify;\"><span style=\"font-family: Comic Sans MS, serif;\"><span style=\"font-size: medium;\">&#8211; plus de 11.000 disparus<\/span><\/span><\/p>\n<p style=\"text-align: justify;\"><span style=\"font-family: Comic Sans MS, serif;\"><span style=\"font-size: medium;\">En Cisjordanie\u00a0<\/span><\/span><\/p>\n<p style=\"text-align: justify;\"><span style=\"font-family: Comic Sans MS, serif;\"><span style=\"font-size: medium;\">&#8211; 1.125 martyrs dont 229 enfants<\/span><\/span><\/p>\n<p style=\"text-align: justify;\"><span style=\"font-family: Comic Sans MS, serif;\"><span style=\"font-size: medium;\">&#8211; 278 journalistes, 88 prisonniers<\/span><\/span><\/p>\n<p style=\"text-align: justify;\"><span style=\"font-family: Comic Sans MS, serif;\"><span style=\"font-size: medium;\">&#8211; Bless\u00e9s\u00a0: 171.798 Gaza (+ de 34.000 enfants), 11.500 en Cisjordanie<\/span><\/span><\/p>\n<p style=\"text-align: justify;\"><span style=\"font-family: Comic Sans MS, serif;\"><span style=\"font-size: medium;\">=&gt; Plus de 243.914 martyrs et bless\u00e9s \u00e0 Gaza<\/span><\/span><\/p>\n<p style=\"text-align: justify;\"><span style=\"font-family: Comic Sans MS, serif;\"><span style=\"font-size: medium;\">dont 631 martyrs, 1.700 bless\u00e9s et 753 corps retrouv\u00e9s depuis le \u00ab\u00a0cessez-le-feu\u00a0\u00bb du 11\/10\/25 <\/span><\/span><\/p>\n<p style=\"text-align: justify;\"><span style=\"font-family: Comic Sans MS, serif;\"><span style=\"font-size: medium;\">&#8211; Arrestations: 6000 \u00e0 Gaza, 22000 en Cisjordanie (585 femmes, 1.600 enfants), 195 journalistes<\/span><\/span><\/p>\n<p style=\"text-align: justify;\"><span style=\"font-family: Comic Sans MS, serif;\"><span style=\"font-size: medium;\">&#8211; Citoyens d\u00e9plac\u00e9s\u00a0: 2.000.000 \u00e0 Gaza, 47.000 en Cisjordanie<\/span><\/span><span style=\"font-family: Comic Sans MS, serif;\"><span style=\"font-size: medium;\">Haut du formulaire<\/span><\/span><\/p>\n<p style=\"text-align: center;\"><span style=\"font-family: Comic Sans MS, serif;\"><span style=\"font-size: medium;\">** **<\/span><\/span><\/p>\n<p style=\"text-align: justify;\"><span style=\"font-family: Comic Sans MS, serif;\"><span style=\"font-size: medium;\"><b>L\u2019extension territoriale d\u2019Isra\u00ebl depuis octobre 2023<\/b><\/span><\/span><\/p>\n<p style=\"text-align: justify;\"><span style=\"font-family: Comic Sans MS, serif;\"><span style=\"font-size: medium;\">Si le 7\u00a0octobre 2023 constitue un tournant majeur dans la recomposition des rapports de force au Proche-Orient, il a \u00e9galement \u00e9t\u00e9 le pr\u00e9texte pour redessiner les lignes de d\u00e9marcation. Isra\u00ebl a ainsi saisi cette s\u00e9quence pour consolider et \u00e9tendre son emprise territoriale \u00e0 Gaza, en Cisjordanie, mais aussi au Sud-Liban et en Syrie, installant <\/span><\/span><span style=\"font-family: Comic Sans MS, serif;\"><span style=\"font-size: medium;\"><i>de facto<\/i><\/span><\/span><span style=\"font-family: Comic Sans MS, serif;\"><span style=\"font-size: medium;\"> des r\u00e9alit\u00e9s durables sur le terrain. Une constante dans l\u2019histoire coloniale de l\u2019\u00c9tat. <\/span><\/span><\/p>\n<p style=\"text-align: center;\"><span style=\"font-family: Comic Sans MS, serif;\"><span style=\"font-size: medium;\">** **<\/span><\/span><\/p>\n<p style=\"text-align: justify;\"><span style=\"font-family: Comic Sans MS, serif;\"><span style=\"font-size: medium;\">Quelles sont les fronti\u00e8res d\u2019Isra\u00ebl\u00a0? Celles-ci n\u2019ont cess\u00e9 d\u2019\u00e9voluer \u2014 et d\u2019\u00eatre repouss\u00e9es \u2014 depuis 1949, \u00e0 chacune des guerres men\u00e9es contre ses voisins. Trop souvent pr\u00e9sent\u00e9es comme des op\u00e9rations de \u00ab\u00a0d\u00e9fense\u00a0\u00bb, les offensives que Tel-Aviv m\u00e8ne sur les fronts limitrophes depuis le 7\u00a0octobre\u00a02023 s\u2019inscrivent dans cette histoire longue. Notons que cette \u00e9volution territoriale est largement assum\u00e9e publiquement, \u00e0 travers les cartographies militaires, les tribunes strat\u00e9giques et les d\u00e9clarations de responsables.<\/span><\/span><\/p>\n<p style=\"text-align: justify;\"><span style=\"font-family: Comic Sans MS, serif;\"><span style=\"font-size: medium;\"><b>Gaza, divis\u00e9e en deux blocs<\/b><\/span><\/span><\/p>\n<p style=\"text-align: justify;\"><span style=\"font-family: Comic Sans MS, serif;\"><span style=\"font-size: medium;\">Le cessez-le-feu conclu en octobre\u00a02025 n\u2019a pas signifi\u00e9 un retour \u00e0 la situation g\u00e9ographique d\u2019avant le 7\u00a0octobre pour la bande occup\u00e9e par Isra\u00ebl depuis\u00a01967. Loin de figer les positions, il a ent\u00e9rin\u00e9 une transformation d\u00e9j\u00e0 en cours. Apr\u00e8s des d\u00e9placements forc\u00e9s de populations de l\u2019est vers l\u2019ouest depuis octobre\u00a02023 et des incursions militaires progressives, un nouveau contr\u00f4le territorial s\u2019est impos\u00e9. Ce red\u00e9ploiement a ensuite \u00e9t\u00e9 formalis\u00e9 par la cr\u00e9ation de \u00ab\u00a0zones de s\u00e9curit\u00e9\u00a0\u00bb, des espaces plac\u00e9s sous contr\u00f4le militaire direct et vid\u00e9s en partie de leur population. Quant aux \u00ab\u00a0lignes de d\u00e9marcation\u00a0\u00bb, souvent mat\u00e9rialis\u00e9es par la <\/span><\/span><span style=\"color: #000080;\"><u><a href=\"https:\/\/orientxxi.info\/journal-de-gaza-114\"><span style=\"font-family: Comic Sans MS, serif;\"><span style=\"font-size: medium;\"><span lang=\"fr-FR\">\u00ab\u00a0ligne jaune\u00a0\u00bb<\/span><\/span><\/span><\/a><\/u><\/span><span style=\"font-family: Comic Sans MS, serif;\"><span style=\"font-size: medium;\"> sur les cartes, elles demeurent floues et mouvantes, refl\u00e9tant un rapport de force encore instable plut\u00f4t qu\u2019une fronti\u00e8re stabilis\u00e9e.<\/span><\/span><\/p>\n<p style=\"text-align: justify;\"><span style=\"font-family: Comic Sans MS, serif;\"><span style=\"font-size: medium;\">L\u2019enclave est divis\u00e9e en deux blocs\u00a0: environ 53\u00a0% du territoire est plac\u00e9 sous contr\u00f4le militaire isra\u00e9lien, contre 47\u00a0% pour la population gazaouie. Cette s\u00e9paration a \u00e9t\u00e9 mat\u00e9rialis\u00e9e depuis d\u00e9cembre\u00a02025 par une \u00ab\u00a0ligne jaune\u00a0\u00bb\u00a0: alignements de blocs de b\u00e9ton peints en jaune et bermes de terre formant une fronti\u00e8re int\u00e9rieure de fait. Ces zones ont \u00e9t\u00e9 d\u00e9clar\u00e9es zones de tir ou interdites, rendant tout retour civil hautement improbable, accentuant une compression d\u00e9mographique sans pr\u00e9c\u00e9dent \u00e0 l\u2019ouest de l\u2019enclave. De plus, la majorit\u00e9 des terres agricoles et plus de la moiti\u00e9 des puits d\u2019eau se trouvent sous contr\u00f4le isra\u00e9lien.<\/span><\/span><\/p>\n<p style=\"text-align: justify;\"><span style=\"font-family: Comic Sans MS, serif;\"><span style=\"font-size: medium;\">Des images satellites r\u00e9v\u00e8lent un d\u00e9placement progressif de ces blocs, centaine de m\u00e8tres par centaine de m\u00e8tres, sans proclamation officielle. Dans le m\u00eame temps, le chef d\u2019\u00e9tat-major de l\u2019arm\u00e9e isra\u00e9lienne, Eyal Zamir, a \u00e9voqu\u00e9 l\u2019\u00e9mergence d\u2019<\/span><\/span><span style=\"font-family: Comic Sans MS, serif;\"><span style=\"font-size: medium;\"><i>\u00ab\u00a0une nouvelle ligne de fronti\u00e8re\u00a0\u00bb,<\/i><\/span><\/span><span style=\"font-family: Comic Sans MS, serif;\"><span style=\"font-size: medium;\"> laissant entrevoir la possible stabilisation durable de cette division. La \u00ab\u00a0ligne jaune\u00a0\u00bb marque un tournant dans la mesure o\u00f9 la zone tampon n\u2019est plus p\u00e9riph\u00e9rique, mais int\u00e9rieure et mouvante, redessinant l\u2019espace au c\u0153ur m\u00eame de l\u2019enclave.<\/span><\/span><\/p>\n<p style=\"text-align: justify;\"><span style=\"font-family: Comic Sans MS, serif;\"><span style=\"font-size: medium;\"><b>En Cisjordanie, un niveau record d\u2019expansion coloniale<\/b><\/span><\/span><\/p>\n<p style=\"text-align: justify;\"><span style=\"font-family: Comic Sans MS, serif;\"><span style=\"font-size: medium;\">\u00c0 la suite des <\/span><\/span><span style=\"color: #000080;\"><u><a href=\"https:\/\/orientxxi.info\/13-septembre-1993-un-marche-de-dupes,6682\"><span style=\"font-family: Comic Sans MS, serif;\"><span style=\"font-size: medium;\"><span lang=\"fr-FR\">accords d\u2019Oslo<\/span><\/span><\/span><\/a><\/u><\/span><span style=\"font-family: Comic Sans MS, serif;\"><span style=\"font-size: medium;\"> (septembre\u00a01993), la Cisjordanie a \u00e9t\u00e9 divis\u00e9e en trois zones\u00a0: la zone\u00a0A (18\u00a0%), avec un contr\u00f4le palestinien mais des incursions isra\u00e9liennes r\u00e9guli\u00e8res\u00a0; la zone\u00a0B (22\u00a0%), avec un contr\u00f4le civil palestinien et une s\u00e9curit\u00e9 conjointe avec les Isra\u00e9liens\u00a0; la zone\u00a0C (60\u00a0%), sous contr\u00f4le total isra\u00e9lien, incluant la majorit\u00e9 des colonies et des ressources, notamment les terres agricoles. Mais les restrictions impos\u00e9es par le gouvernement isra\u00e9lien y limitent fortement la construction, l\u2019acc\u00e8s \u00e0 l\u2019eau et aux infrastructures.<\/span><\/span><\/p>\n<p style=\"text-align: justify;\"><span style=\"font-family: Comic Sans MS, serif;\"><span style=\"font-size: medium;\">Haut du formulaire<\/span><\/span><\/p>\n<p style=\"text-align: justify;\"><span style=\"font-family: Comic Sans MS, serif;\"><span style=\"font-size: medium;\">Bas du formulaire<\/span><\/span><\/p>\n<p style=\"text-align: justify;\"><span style=\"font-family: Comic Sans MS, serif;\"><span style=\"font-size: medium;\">Depuis le 7\u00a0octobre\u00a02023, plusieurs pouvoirs administratifs ont \u00e9t\u00e9 transf\u00e9r\u00e9s de l\u2019arm\u00e9e \u00e0 une autorit\u00e9 civile dirig\u00e9e par le ministre des finances, <\/span><\/span><span style=\"color: #000080;\"><u><a href=\"https:\/\/orientxxi.info\/bezalel-smotrich-un-fasciste-israelien-a-paris,7758\"><span style=\"font-family: Comic Sans MS, serif;\"><span style=\"font-size: medium;\"><span lang=\"fr-FR\">Bezalel Smotrich<\/span><\/span><\/span><\/a><\/u><\/span><span style=\"font-family: Comic Sans MS, serif;\"><span style=\"font-size: medium;\">. Ce basculement d\u2019un r\u00e9gime militaire vers une administration civile int\u00e9gr\u00e9e \u00e0 l\u2019\u00c9tat isra\u00e9lien constitue une \u00e9tape d\u00e9cisive pour l\u2019annexion et pr\u00e9pare sa l\u00e9galisation juridique. Parall\u00e8lement, l\u2019armement massif des colons, avec 120\u00a0000\u00a0armes distribu\u00e9es depuis\u00a02023, encourag\u00e9 par <\/span><\/span><span style=\"color: #000080;\"><u><a href=\"https:\/\/orientxxi.info\/itamar-ben-gvir-l-ascension-d-un-fasciste-israelien-vers-le-pouvoir,6068\"><span style=\"font-family: Comic Sans MS, serif;\"><span style=\"font-size: medium;\"><span lang=\"fr-FR\">Itamar Ben Gvir<\/span><\/span><\/span><\/a><\/u><\/span><span style=\"font-family: Comic Sans MS, serif;\"><span style=\"font-size: medium;\">, le ministre de l\u2019int\u00e9rieur, et pr\u00e9sent\u00e9 comme une \u00ab\u00a0d\u00e9fense civile\u00a0\u00bb, leur permet de mener directement des expulsions, des agressions et des incendies de terres palestiniennes. Ces actions visent \u00e0 chasser les paysans des zones rurales pour concentrer la population dans les villes et fragmenter davantage l\u2019espace palestinien.<\/span><\/span><\/p>\n<p style=\"text-align: justify;\"><span style=\"font-family: Comic Sans MS, serif;\"><span style=\"font-size: medium;\">En\u00a02025, l\u2019expansion coloniale a ainsi atteint des niveaux records\u00a0: annonce de 22\u00a0nouvelles colonies, l\u00e9galisation d\u2019avant-postes, et reprise du projet\u00a0E1 qui pr\u00e9voit la construction de 3\u00a0000\u00a0logements isra\u00e9liens entre J\u00e9rusalem-Est et la colonie de Maale Adoumim, avec le risque de couper la Cisjordanie en deux. Par-dessus tout\u00a0: la relance du cadastre foncier, le 15\u00a0f\u00e9vrier\u00a02026, permettant de d\u00e9clarer \u00ab\u00a0terres d\u2019\u00c9tat\u00a0\u00bb des propri\u00e9t\u00e9s palestiniennes dont les propri\u00e9taires ont \u00e9t\u00e9 forc\u00e9s au d\u00e9part. Cette proc\u00e9dure va faciliter et syst\u00e9matiser leur achat par des Isra\u00e9liens et agrandir les capacit\u00e9s d\u2019intervention et d\u2019administration isra\u00e9liennes. On compte aujourd\u2019hui 737\u00a0000\u00a0colons isra\u00e9liens dans tous les territoires cisjordaniens et J\u00e9rusalem-Est, contre 622\u00a0000 en 2017. Ces politiques s\u2019inscrivent dans une ligne assum\u00e9e par les ministres d\u2019extr\u00eame droite Smotrich et Ben Gvir, partisans de l\u2019annexion.<\/span><\/span><\/p>\n<p style=\"text-align: justify;\"><span style=\"font-family: Comic Sans MS, serif;\"><span style=\"font-size: medium;\">Depuis le 7\u00a0octobre\u00a02023, <\/span><\/span><span style=\"color: #000080;\"><u><a href=\"https:\/\/orientxxi.info\/palestine-en-cisjordanie-la-brutalite-des-colons-en-roue-libre,7930\"><span style=\"font-family: Comic Sans MS, serif;\"><span style=\"font-size: medium;\"><span lang=\"fr-FR\">l\u2019expansion coloniale en Cisjordanie s\u2019est intensifi\u00e9e<\/span><\/span><\/span><\/a><\/u><\/span><span style=\"font-family: Comic Sans MS, serif;\"><span style=\"font-size: medium;\"> de mani\u00e8re spectaculaire. Selon l\u2019ONG isra\u00e9lienne La Paix maintenant, plus de 2\u00a0400\u00a0hectares ont \u00e9t\u00e9 d\u00e9clar\u00e9s \u00ab\u00a0<\/span><\/span><span style=\"font-family: Times New Roman, serif;\"><span style=\"font-size: medium;\">\u202f<\/span><\/span><span style=\"font-family: Comic Sans MS, serif;\"><span style=\"font-size: medium;\">terres d\u2019\u00c9tat<\/span><\/span><span style=\"font-family: Times New Roman, serif;\"><span style=\"font-size: medium;\">\u202f<\/span><\/span><span style=\"font-family: Comic Sans MS, serif;\"><span style=\"font-size: medium;\">\u00a0\u00bb en 2024 et d\u00e9but 2025, soit 0,68\u00a0% de la zone\u00a0C. Les colons ont ouvert 116\u00a0km de nouvelles routes non autoris\u00e9es, fragmentant davantage le territoire et restreignant l\u2019acc\u00e8s palestinien. Par ailleurs, 86\u00a0nouveaux avant-postes ont \u00e9t\u00e9 \u00e9tablis, dont 60\u00a0fermes agricoles. L\u2019impact humain est massif<\/span><\/span><span style=\"font-family: Times New Roman, serif;\"><span style=\"font-size: medium;\">\u202f<\/span><\/span><span style=\"font-family: Comic Sans MS, serif;\"><span style=\"font-size: medium;\">\u00a0<\/span><\/span><span style=\"font-family: Comic Sans MS, serif;\"><span style=\"font-size: medium;\">: selon le Bureau de la coordination des affaires humanitaires de l<\/span><\/span><span style=\"font-family: Comic Sans MS, serif;\"><span style=\"font-size: medium;\">\u2019<\/span><\/span><span style=\"font-family: Comic Sans MS, serif;\"><span style=\"font-size: medium;\">ONU (OCHA), 1\u00a0222\u00a0Palestiniens ont \u00e9t\u00e9 tu\u00e9s en Cisjordanie depuis fin\u00a02023, et 39\u00a0843\u00a0personnes ont \u00e9t\u00e9 d\u00e9plac\u00e9es, au moins temporairement. L\u2019ann\u00e9e\u00a02025 a \u00e9galement marqu\u00e9 un record dans les attaques et dommages sur les propri\u00e9t\u00e9s palestiniennes avec 1\u00a0828\u00a0incidents, tandis que la justice isra\u00e9lienne abandonne la plupart des poursuites, laissant les colons agir en quasi-impunit\u00e9.<\/span><\/span><\/p>\n<p style=\"text-align: justify;\"><span style=\"font-family: Comic Sans MS, serif;\"><span style=\"font-size: medium;\"><b>Au Sud-Liban, la \u00ab\u00a0zone tampon\u00a0\u00bb est une \u00ab\u00a0zone morte\u00a0\u00bb<\/b><\/span><\/span><\/p>\n<p style=\"text-align: justify;\"><span style=\"font-family: Comic Sans MS, serif;\"><span style=\"font-size: medium;\">L\u2019offensive a\u00e9rienne isra\u00e9lienne massive a commenc\u00e9 le 23\u00a0septembre\u00a02024, suivie une semaine plus tard par l\u2019engagement de l\u2019arm\u00e9e de terre. Elle a entra\u00een\u00e9 une destruction massive dans une bande d\u2019environ 5\u00a0kilom\u00e8tres au nord de la \u00ab\u00a0ligne bleue\u00a0\u00bb, d\u00e9marcation trac\u00e9e par l\u2019ONU en 2000, au lendemain du retrait isra\u00e9lien du Sud-Liban, occup\u00e9 depuis 1978. Les bombardements a\u00e9riens quasi quotidiens depuis, les tirs d\u2019artillerie, l\u2019usage d\u2019armes incendiaires et d\u00e9sormais de glyphosate ont rendu de vastes secteurs inhabitables.<\/span><\/span><\/p>\n<p style=\"text-align: justify;\"><span style=\"font-family: Comic Sans MS, serif;\"><span style=\"font-size: medium;\">Officiellement, Isra\u00ebl a affirm\u00e9 ne pas chercher \u00e0 cr\u00e9er une \u00ab\u00a0zone tampon\u00a0\u00bb mais \u00e0 repousser l\u2019unit\u00e9 Radwan du Hezbollah. Dans les faits, pourtant, il a install\u00e9 un corridor vid\u00e9 de sa population civile \u2014 plus de 95\u00a0000\u00a0Libanais avaient d\u00e9j\u00e0 \u00e9t\u00e9 d\u00e9plac\u00e9s d\u00e8s juin\u00a02024\u00a0\u2014, les infrastructures \u2014 routes, r\u00e9seaux d\u2019eau et d\u2019\u00e9lectricit\u00e9, terres agricoles \u2014 ont \u00e9t\u00e9 d\u00e9truites ou lourdement endommag\u00e9es et des quartiers entiers de villages ont \u00e9t\u00e9 ras\u00e9s pendant la guerre. Le risque de mort, les destructions, l\u2019impossibilit\u00e9 de vivre faute d\u2019infrastructures, la <\/span><\/span><span style=\"color: #000080;\"><u><a href=\"https:\/\/orientxxi.info\/Sud-Liban-La-guerre-israelienne-contre-l-environnement\"><span style=\"font-family: Comic Sans MS, serif;\"><span style=\"font-size: medium;\"><span lang=\"fr-FR\">d\u00e9gradation \u00e9cologique<\/span><\/span><\/span><\/a><\/u><\/span><span style=\"font-family: Comic Sans MS, serif;\"><span style=\"font-size: medium;\"> ont transform\u00e9 le tissu social et d\u00e9mographique local, d\u2019o\u00f9 le surnom de \u00ab\u00a0zones mortes\u00a0\u00bb. Si certains habitants sont progressivement revenus en novembre\u00a02025, cela ne concerne pas tous les villages.<\/span><\/span><\/p>\n<p style=\"text-align: justify;\"><span style=\"font-family: Comic Sans MS, serif;\"><span style=\"font-size: medium;\">L\u2019arm\u00e9e libanaise a pourtant affirm\u00e9 en janvier\u00a02026 avoir achev\u00e9 <\/span><\/span><span style=\"color: #000080;\"><u><a href=\"https:\/\/orientxxi.info\/Liban-Les-armes-du-Hezbollah-enjeu-national-et-regional\"><span style=\"font-family: Comic Sans MS, serif;\"><span style=\"font-size: medium;\"><span lang=\"fr-FR\">le d\u00e9sarmement du Hezbollah<\/span><\/span><\/span><\/a><\/u><\/span><span style=\"font-family: Comic Sans MS, serif;\"><span style=\"font-size: medium;\"> entre le Litani et la \u00ab\u00a0ligne bleue\u00a0\u00bb comme convenu par le cessez-le-feu, mais les bombardements se poursuivent, en violation de l\u2019accord. Isra\u00ebl a positionn\u00e9 cinq bases isra\u00e9liennes au-del\u00e0 de cette ligne \u2014 Labounneh, Jabal Blat, Shaked, Houla et Hamamis \u2014 et \u00e9rig\u00e9 un mur en monoblocs de b\u00e9ton de neuf m\u00e8tres de haut, absorbant de nouvelles terres de villageois du sud (4\u00a0000\u00a0m\u00b2 en 2025 ). Des colons poussent pour d\u00e9buter l\u2019implantation de colonies\u00a0: un sc\u00e9nario similaire aux annexions de la zone tampon du Golan. Le 2\u00a0mars\u00a02026, Isra\u00ebl a ordonn\u00e9 l\u2019\u00e9vacuation de 30\u00a0villages du Sud-Liban, provoquant, encore une fois, un d\u00e9placement forc\u00e9 de la population. Puis, le 4\u00a0mars, il a ordonn\u00e9 le d\u00e9placement de toute la population libanaise pr\u00e9sente au sud du fleuve Litani, vers le nord, correspondant aux projections coloniales expansionnistes de l\u2019appareil d\u2019\u00c9tat isra\u00e9lien depuis 1978.<\/span><\/span><\/p>\n<p style=\"text-align: justify;\"><span style=\"font-family: Comic Sans MS, serif;\"><span style=\"font-size: medium;\"><b>En Syrie, entre d\u00e9sir d\u2019expansion et strat\u00e9gie militaire<\/b><\/span><\/span><\/p>\n<p style=\"text-align: justify;\"><span style=\"font-family: Comic Sans MS, serif;\"><span style=\"font-size: medium;\">Depuis la guerre de juin\u00a01967, Isra\u00ebl occupe <\/span><\/span><span style=\"color: #000080;\"><u><a href=\"https:\/\/orientxxi.info\/pourquoi-le-golan-est-il-un-enjeu-strategique,8550\"><span style=\"font-family: Comic Sans MS, serif;\"><span style=\"font-size: medium;\"><span lang=\"fr-FR\">le plateau du Golan<\/span><\/span><\/span><\/a><\/u><\/span><span style=\"font-family: Comic Sans MS, serif;\"><span style=\"font-size: medium;\">, pris \u00e0 la Syrie au terme des combats. Une politique de colonisation s\u2019y est peu \u00e0 peu d\u00e9ploy\u00e9e tandis que la \u00ab\u00a0Loi sur le Golan\u00a0\u00bb de 1981 est venue formaliser de mani\u00e8re ill\u00e9gale aux yeux du droit international l\u2019annexion de la r\u00e9gion. En\u00a02019, le pr\u00e9sident \u00e9tatsunien Donald Trump a reconnu la souverainet\u00e9 isra\u00e9lienne sur le Golan. Depuis, la colonisation s\u2019est \u00e9tendue, avec pr\u00e8s de 32\u00a0implantations.<\/span><\/span><\/p>\n<p style=\"text-align: justify;\"><span style=\"font-family: Comic Sans MS, serif;\"><span style=\"font-size: medium;\">orientXXI<\/span><\/span><\/p>\n","protected":false},"excerpt":{"rendered":"<p>Une information de l\u2019AFPS<\/p>\n","protected":false},"author":2,"featured_media":0,"comment_status":"closed","ping_status":"closed","sticky":false,"template":"","format":"standard","meta":{"footnotes":""},"categories":[1],"tags":[],"class_list":["post-16359","post","type-post","status-publish","format-standard","hentry","category-non-classe"],"_links":{"self":[{"href":"https:\/\/www.quieryavenir.fr\/blog\/wp-json\/wp\/v2\/posts\/16359","targetHints":{"allow":["GET"]}}],"collection":[{"href":"https:\/\/www.quieryavenir.fr\/blog\/wp-json\/wp\/v2\/posts"}],"about":[{"href":"https:\/\/www.quieryavenir.fr\/blog\/wp-json\/wp\/v2\/types\/post"}],"author":[{"embeddable":true,"href":"https:\/\/www.quieryavenir.fr\/blog\/wp-json\/wp\/v2\/users\/2"}],"replies":[{"embeddable":true,"href":"https:\/\/www.quieryavenir.fr\/blog\/wp-json\/wp\/v2\/comments?post=16359"}],"version-history":[{"count":1,"href":"https:\/\/www.quieryavenir.fr\/blog\/wp-json\/wp\/v2\/posts\/16359\/revisions"}],"predecessor-version":[{"id":16360,"href":"https:\/\/www.quieryavenir.fr\/blog\/wp-json\/wp\/v2\/posts\/16359\/revisions\/16360"}],"wp:attachment":[{"href":"https:\/\/www.quieryavenir.fr\/blog\/wp-json\/wp\/v2\/media?parent=16359"}],"wp:term":[{"taxonomy":"category","embeddable":true,"href":"https:\/\/www.quieryavenir.fr\/blog\/wp-json\/wp\/v2\/categories?post=16359"},{"taxonomy":"post_tag","embeddable":true,"href":"https:\/\/www.quieryavenir.fr\/blog\/wp-json\/wp\/v2\/tags?post=16359"}],"curies":[{"name":"wp","href":"https:\/\/api.w.org\/{rel}","templated":true}]}}