{"id":16493,"date":"2026-04-25T02:33:32","date_gmt":"2026-04-25T00:33:32","guid":{"rendered":"https:\/\/www.quieryavenir.fr\/blog\/?p=16493"},"modified":"2026-04-21T14:35:13","modified_gmt":"2026-04-21T12:35:13","slug":"le-grand-ecart-de-bardella","status":"publish","type":"post","link":"https:\/\/www.quieryavenir.fr\/blog\/2026\/04\/25\/le-grand-ecart-de-bardella\/","title":{"rendered":"Le grand \u00e9cart de Bardella"},"content":{"rendered":"<p class=\"western\" style=\"text-align: justify;\"><img loading=\"lazy\" decoding=\"async\" class=\"wp-image-16478 aligncenter\" src=\"https:\/\/www.quieryavenir.fr\/blog\/wp-content\/uploads\/2026\/04\/Logo_Climactif-144x300.jpg\" alt=\"\" width=\"239\" height=\"498\" srcset=\"https:\/\/www.quieryavenir.fr\/blog\/wp-content\/uploads\/2026\/04\/Logo_Climactif-144x300.jpg 144w, https:\/\/www.quieryavenir.fr\/blog\/wp-content\/uploads\/2026\/04\/Logo_Climactif.jpg 457w\" sizes=\"auto, (max-width: 239px) 100vw, 239px\" \/><\/p>\n<h1 style=\"text-align: left;\"><strong><span style=\"font-size: medium;\"><i>Paris Match<\/i> met en sc\u00e8ne, photo de couverture \u00e0 l\u2019appui, le pr\u00e9sident du Rassemblement national, Jordan Bardella, et Maria Carolina de Bourbon des Deux-Siciles, jeune aristocrate et richissime h\u00e9riti\u00e8re<\/span><\/strong><\/h1>\n<p><!--more--><\/p>\n<p style=\"text-align: justify;\"><span style=\"font-size: medium;\">Comment cette s\u00e9quence peut-elle s\u2019ins\u00e9rer dans le r\u00e9cit populiste du Rassemblement national\u00a0? <\/span><\/p>\n<p style=\"text-align: justify;\"><span style=\"font-size: medium;\">Il ne s\u2019est pas pr\u00e9sent\u00e9 aux l\u00e9gislatives en 2024\u00a0; pas davantage aux municipales en 2026. Jordan Bardella est rest\u00e9 \u00e0 distance de l\u2019\u00e9preuve \u00e9lectorale directe, \u00e0 distance de ce qui fait, en politique, la gravit\u00e9 d\u2019une trajectoire\u00a0: la confrontation, l\u2019ancrage, le risque. Dans le m\u00eame temps, il a occup\u00e9 l\u2019espace autrement, en multipliant les signatures de livres et, surtout, les selfies. Un usage circulaire de son image, r\u00e9p\u00e9t\u00e9e, liss\u00e9e, toujours l\u00e9g\u00e8rement fig\u00e9e.<\/span><\/p>\n<p style=\"text-align: justify;\"><span style=\"font-size: medium;\">La s\u00e9quence couverte par la une de <\/span><em><span style=\"font-size: medium;\">Paris Match<\/span><\/em><span style=\"font-size: medium;\"> le montre en couple avec une h\u00e9riti\u00e8re de la maison de Bourbon des Deux-Siciles, famili\u00e8re des univers de l\u2019ultra-luxe, des marques et de leurs codes, qui elle-m\u00eame se met r\u00e9guli\u00e8rement en sc\u00e8ne dans des logiques d\u2019influence. Ici se confirme l\u2019app\u00e9tence de Jordan Bardella pour la visibilit\u00e9, l\u2019exposition, et pour une forme d\u2019ascension m\u00e9diatique et sociale.<\/span><\/p>\n<p style=\"text-align: justify;\"><span style=\"font-size: medium;\">Les observateurs politiques le r\u00e9p\u00e9taient pourtant\u00a0: Jordan Bardella devait gagner en gravit\u00e9, en \u00e9paisseur, en cr\u00e9dibilit\u00e9, en \u00e2ge politique. Il fait un autre choix, \u00e0 rebours de son narratif autour de l\u2019homme du 93 (le d\u00e9partement de Seine-Saint-Denis, dont il est originaire), en ajoutant du superficiel au superficiel. Et il le fait au moment m\u00eame o\u00f9 l\u2019horizon pr\u00e9sidentiel s\u2019ouvre pour lui, avec des sondages extr\u00eamement favorables.<\/span><\/p>\n<p style=\"text-align: justify;\"><span style=\"font-size: medium;\">D\u00e8s lors, la question s\u2019impose\u00a0: l\u2019ascension sociale a-t-elle pris le pas sur l\u2019ascension politique\u00a0? Ce qui appara\u00eet, au-del\u00e0 de la trajectoire individuelle, rel\u00e8ve d\u2019un agencement plus profond et constitue un cocktail explosif.<\/span><\/p>\n<p style=\"text-align: justify;\"><span style=\"font-size: medium;\">D\u2019un c\u00f4t\u00e9, un parti d\u2019extr\u00eame droite, le Rassemblement national, soit une vision conservatrice, une tentation de fermeture, une centralit\u00e9 accord\u00e9e \u00e0 l\u2019ordre, \u00e0 la hi\u00e9rarchie, \u00e0 la mise en cadre du corps social.<\/span><\/p>\n<p style=\"text-align: justify;\"><span style=\"font-size: medium;\">De l\u2019autre, une logique monarchique, non pas au sens institutionnel strict, mais comme forme politique latente\u00a0: le primat des personnes sur les fonctions, l\u2019importance des lignages, des entourages, des continuit\u00e9s sociales. Une mani\u00e8re d\u2019habiter le pouvoir qui n\u2019est plus tout \u00e0 fait r\u00e9publicaine, parce qu\u2019elle r\u00e9introduit, m\u00eame implicitement, des formes de naturalisation des positions et des appartenances.<\/span><\/p>\n<p style=\"text-align: justify;\"><span style=\"font-size: medium;\">Et c\u2019est l\u00e0 que le trouble s\u2019installe. Car la R\u00e9publique, en son principe, repose sur l\u2019indiff\u00e9renciation des origines, sur la dissociation des sph\u00e8res, sur le refus de toute captation patrimoniale du pouvoir. Elle suppose que le pouvoir ne s\u2019h\u00e9rite pas, ne se prolonge pas, ne se confonde pas avec des milieux. Or, ici, cette fronti\u00e8re se brouille.<\/span><\/p>\n<p style=\"text-align: justify;\"><span style=\"font-size: medium;\">Et, en surplomb, il y a l\u2019argent\u2026 L\u2019argent comme un v\u00e9ritable environnement social, comme cadre de vie. Un argent visible, circulant, structurant, qui renvoie \u00e0 des univers d\u2019ultra-luxe et d\u2019ultra-\u00adreproduction des positions.<\/span><\/p>\n<p style=\"text-align: justify;\"><span style=\"font-size: medium;\">Extr\u00eame droite \u2013 Monarchie \u2013 Argent. Trois variables qui se cumulent pour offrir un univers r\u00e9actionnaire boost\u00e9 au bling-bling. Autrement dit, une tension directe avec l\u2019id\u00e9e m\u00eame de R\u00e9publique. C\u2019est en cela que l\u2019ensemble est explosif, voire d\u00e9l\u00e9t\u00e8re\u2026 En ce qu\u2019il recompose silencieusement les conditions d\u2019exercice et de l\u00e9gitimation du pouvoir.<\/span><\/p>\n<p style=\"text-align: justify;\"><span style=\"font-size: medium;\">Et c\u2019est pr\u00e9cis\u00e9ment l\u00e0 que la s\u00e9quence devient d\u00e9cisive car elle vient frapper au c\u0153ur le r\u00e9cit m\u00eame du Rassemblement national. Le parti s\u2019est construit, depuis des ann\u00e9es, sur une architecture sociologique claire, assum\u00e9e, th\u00e9oris\u00e9e en interne par J\u00e9r\u00f4me Sainte-Marie\u00a0: le bloc populaire contre le bloc \u00e9litaire. Le c\u0153ur battant du RN est l\u00e0\u00a0: un \u00e9lectorat des p\u00e9riph\u00e9ries, des territoires rel\u00e9gu\u00e9s, des classes populaires ou fragilis\u00e9es, souvent peu dipl\u00f4m\u00e9es, travers\u00e9es par le sentiment de d\u00e9classement, un \u00e9lectorat qui attend protection, reconnaissance, r\u00e9habilitation du travail. Le moteur du RN, c\u2019est le peuple contre les \u00e9lites\u00a0; les petits contre les grands\u00a0; la p\u00e9riph\u00e9rie contre le centre\u00a0; le travail contre la rente.<\/span><\/p>\n<p style=\"text-align: justify;\"><span style=\"font-size: medium;\">Dans son dernier ouvrage, Jordan Bardella fait de la valeur travail un principe central \u2013 le terme y appara\u00eet de mani\u00e8re presque obsessionnelle, structurant l\u2019ensemble du propos. Avec l\u2019h\u00e9ritage, la rente, l\u2019ultra-luxe, le d\u00e9calage est frontal.<\/span><\/p>\n<p style=\"text-align: justify;\"><span style=\"font-size: medium;\">\u00c0 tout cela s\u2019ajoute une condition implicite\u00a0: la \u00ab\u00a0non-distance\u00a0\u00bb. Marine Le Pen l\u2019a toujours travaill\u00e9e, dans les styles, les mots, les postures, afin de produire de la proximit\u00e9, m\u00eame symbolique. Or, dans cette s\u00e9quence, tout se d\u00e9r\u00e8gle\u00a0: ce qui est donn\u00e9 \u00e0 voir, ce sont des formes d\u2019ultra-centralit\u00e9 sociale, une familiarit\u00e9 avec des univers mondialis\u00e9s, une inscription dans des logiques d\u2019h\u00e9ritage.<\/span><\/p>\n<p style=\"text-align: justify;\"><span style=\"font-size: medium;\">La sociologie \u00e9lectorale est, de ce point de vue, implacable. Elle tol\u00e8re un \u00e9cart, pas une rupture. Quand les formes de vie, les alliances, les univers s\u2019\u00e9loignent trop visiblement de ceux des \u00e9lecteurs, le lien se distend et c\u2019est tout l\u2019\u00e9quilibre qui vacille. D\u2019H\u00e9nin-Beaumont \u00e0 Monaco, le grand \u00e9cart est d\u00e9sormais install\u00e9.<\/span><\/p>\n<p style=\"text-align: justify;\"><strong><span style=\"font-size: medium;\">Virginie Martin<\/span><\/strong><span style=\"font-size: medium;\">, politologue, coauteure avec Bruno Cautr\u00e8s de <\/span><em><span style=\"font-size: medium;\">Jeux de pouvoir \u2013 Quand les politologues regardent des s\u00e9ries<\/span><\/em><span style=\"font-size: medium;\"> aux \u00c9ditions du Cerf.<\/span><\/p>\n<p style=\"text-align: justify;\"><span style=\"font-size: medium;\">TemoignageChretien<\/span><\/p>\n","protected":false},"excerpt":{"rendered":"<p>Paris Match met en sc\u00e8ne, photo de couverture \u00e0 l\u2019appui, le pr\u00e9sident du Rassemblement national, Jordan Bardella, et Maria Carolina de Bourbon des Deux-Siciles, jeune aristocrate et richissime h\u00e9riti\u00e8re<\/p>\n","protected":false},"author":2,"featured_media":0,"comment_status":"closed","ping_status":"closed","sticky":false,"template":"","format":"standard","meta":{"footnotes":""},"categories":[1],"tags":[],"class_list":["post-16493","post","type-post","status-publish","format-standard","hentry","category-non-classe"],"_links":{"self":[{"href":"https:\/\/www.quieryavenir.fr\/blog\/wp-json\/wp\/v2\/posts\/16493","targetHints":{"allow":["GET"]}}],"collection":[{"href":"https:\/\/www.quieryavenir.fr\/blog\/wp-json\/wp\/v2\/posts"}],"about":[{"href":"https:\/\/www.quieryavenir.fr\/blog\/wp-json\/wp\/v2\/types\/post"}],"author":[{"embeddable":true,"href":"https:\/\/www.quieryavenir.fr\/blog\/wp-json\/wp\/v2\/users\/2"}],"replies":[{"embeddable":true,"href":"https:\/\/www.quieryavenir.fr\/blog\/wp-json\/wp\/v2\/comments?post=16493"}],"version-history":[{"count":1,"href":"https:\/\/www.quieryavenir.fr\/blog\/wp-json\/wp\/v2\/posts\/16493\/revisions"}],"predecessor-version":[{"id":16494,"href":"https:\/\/www.quieryavenir.fr\/blog\/wp-json\/wp\/v2\/posts\/16493\/revisions\/16494"}],"wp:attachment":[{"href":"https:\/\/www.quieryavenir.fr\/blog\/wp-json\/wp\/v2\/media?parent=16493"}],"wp:term":[{"taxonomy":"category","embeddable":true,"href":"https:\/\/www.quieryavenir.fr\/blog\/wp-json\/wp\/v2\/categories?post=16493"},{"taxonomy":"post_tag","embeddable":true,"href":"https:\/\/www.quieryavenir.fr\/blog\/wp-json\/wp\/v2\/tags?post=16493"}],"curies":[{"name":"wp","href":"https:\/\/api.w.org\/{rel}","templated":true}]}}