{"id":16495,"date":"2026-04-26T02:35:38","date_gmt":"2026-04-26T00:35:38","guid":{"rendered":"https:\/\/www.quieryavenir.fr\/blog\/?p=16495"},"modified":"2026-04-21T14:36:42","modified_gmt":"2026-04-21T12:36:42","slug":"il-quitte-grasset","status":"publish","type":"post","link":"https:\/\/www.quieryavenir.fr\/blog\/2026\/04\/26\/il-quitte-grasset\/","title":{"rendered":"Il quitte Grasset"},"content":{"rendered":"<h1 class=\"western\" style=\"text-align: justify;\"><img loading=\"lazy\" decoding=\"async\" class=\"wp-image-16480 aligncenter\" src=\"https:\/\/www.quieryavenir.fr\/blog\/wp-content\/uploads\/2026\/04\/Ukraina-205x300.jpg\" alt=\"\" width=\"338\" height=\"495\" srcset=\"https:\/\/www.quieryavenir.fr\/blog\/wp-content\/uploads\/2026\/04\/Ukraina-205x300.jpg 205w, https:\/\/www.quieryavenir.fr\/blog\/wp-content\/uploads\/2026\/04\/Ukraina.jpg 380w\" sizes=\"auto, (max-width: 338px) 100vw, 338px\" \/><\/h1>\n<h1 class=\"western\" style=\"text-align: justify;\">\u201c<span style=\"font-size: medium;\">On assiste \u00e0 une concentration de la culture entre des mains tr\u00e8s dangereuses\u201d\u00a0; Dan Franck<\/span><\/h1>\n<p><!--more--><\/p>\n<p style=\"text-align: justify;\"><span style=\"font-size: medium;\">L\u2019\u00e9crivain fran\u00e7ais engag\u00e9 \u00e0 gauche va quitter la maison d\u2019\u00e9dition qui lui \u00e9tait fid\u00e8le, \u00e0 la suite du limogeage de son directeur Olivier Nora par Vincent Bollor\u00e9. Il s\u2019en explique, \u00e0 quelques heures de l\u2019ouverture du Festival du livre de Paris.<\/span><\/p>\n<p style=\"text-align: justify;\"><span style=\"font-size: medium;\">Dan Franck, 73\u00a0ans, est romancier, sc\u00e9nariste de t\u00e9l\u00e9vision, documentariste, camarade de plume d\u2019Enki Bilal et de Jean Vautrin, acteur \u00e0 ses heures perdues pour G\u00e9rard Mordillat\u2026 Un auteur engag\u00e9 \u00e0 gauche de longue date \u2014 <\/span><em><span style=\"font-size: medium;\">L\u2019Arrestation<\/span><\/em><span style=\"font-size: medium;\">, en\u00a02023, revenait sur son incarc\u00e9ration pour avoir soutenu Action directe \u2014 qui a d\u00e9cid\u00e9, comme beaucoup d\u2019autres, de quitter Grasset apr\u00e8s <a href=\"https:\/\/www.telerama.fr\/livre\/olivier-nora-licencie-de-grasset-par-vincent-bollore-un-depart-aussi-symbolique-que-politique-7030618.php\" target=\"_blank\" rel=\"noopener\">le d\u00e9barquement manu militari de son pdg Olivier Nora<\/a> par Vincent Bollor\u00e9.<\/span><\/p>\n<p style=\"text-align: justify;\"><strong><span style=\"font-size: medium;\">Vous \u00eates publi\u00e9 chez Grasset depuis\u00a02003<\/span><\/strong><span style=\"font-size: medium;\">. <\/span><strong><span style=\"font-size: medium;\">Dans quel \u00e9tat d\u2019esprit vous trouvez-vous apr\u00e8s le limogeage d\u2019Olivier Nora\u00a0?<\/span><\/strong><span style=\"font-size: medium;\"><br \/>\nJe vais quitter Grasset, bien s\u00fbr. Et je ne serai pas le seul. \u00c0 l\u2019heure o\u00f9 nous nous parlons [mercredi 15\u00a0avril, \u00e0 21\u00a0heures, ndlr], je sors d\u2019un rassemblement d\u2019auteurs.<\/span> <span style=\"font-size: medium;\">Nous sommes sur le point de publier un texte commun.<\/span> <span style=\"font-size: medium;\">Jeudi 16\u00a0avril au soir s\u2019ouvre le Festival du livre de Paris, \u00e9v\u00e9nement o\u00f9 Hachette n\u2019est pas pr\u00e9sent mais dont j\u2019esp\u00e8re qu\u2019il va constituer une chambre d\u2019\u00e9cho. Ce texte n\u2019est pas directement adress\u00e9 au monde politique, on ne demande pas une modification de la loi. Mais de fait, ce qui est \u00e0 l\u2019\u0153uvre dans le monde de l\u2019\u00e9dition concerne forc\u00e9ment le monde politique.<\/span><\/p>\n<p style=\"text-align: justify;\"><strong><span style=\"font-size: medium;\">La brutalit\u00e9 de cette d\u00e9cision vous a-t-elle surpris\u00a0?<\/span><\/strong><span style=\"font-size: medium;\"><br \/>\nJe vois dans ce qui frappe Grasset et le monde de l\u2019\u00e9dition exactement les m\u00eames attaques que celles port\u00e9es contre le service public, \u00e0 travers <a href=\"https:\/\/www.telerama.fr\/television\/apres-cinq-mois-d-outrances-la-navrante-commission-d-enquete-sur-l-audiovisuel-public-s-acheve-enfin-7030542.php\" target=\"_blank\" rel=\"noopener\">la scandaleuse commission Alloncle<\/a>. C\u2019est un moment fascisto-stalinien. L\u2019\u00e9dition, la culture, la presse se trouvent concentr\u00e9es entre des mains tr\u00e8s dangereuses. Je pense qu\u2019on devrait absolument limiter le pouvoir de ces grands groupes qui imposent des id\u00e9ologies. Autrefois, il y avait des financiers qui poss\u00e9daient des journaux, mais la pression id\u00e9ologique n\u2019\u00e9tait pas la m\u00eame. Aujourd\u2019hui, on assiste \u00e0 une prise de pouvoir par la droite et l\u2019extr\u00eame droite qui est antid\u00e9mocratique. On est confront\u00e9s \u00e0 un affaissement de la culture, qui n\u2019est plus consid\u00e9r\u00e9e comme une sp\u00e9cificit\u00e9 \u00e0 prot\u00e9ger, et qui a \u00e9t\u00e9 beaucoup malmen\u00e9e sous <a href=\"https:\/\/www.telerama.fr\/debats-reportages\/rachida-dati-les-medias-et-la-strategie-du-coup-de-boule-comment-la-ministre-importe-la-methode-trump-7028232.php\" target=\"_blank\" rel=\"noopener\">le minist\u00e8re de Rachida Dati<\/a>. Je m\u2019inqui\u00e8te aussi pour la cr\u00e9ation au cin\u00e9ma. Canal+\u00a0[propri\u00e9t\u00e9 du groupe de Vincent Bollor\u00e9] a r\u00e9duit le nombre de films produits. Or, s\u2019il n\u2019y a pas Canal+, il n\u2019y a plus de cin\u00e9ma, ou tr\u00e8s peu. Le secteur rencontre d\u2019importantes difficult\u00e9s budg\u00e9taires et cela fait, ou fera, le lit des plateformes am\u00e9ricaines.<\/span><\/p>\n<p style=\"text-align: justify;\"><span style=\"font-size: medium;\">Et, pardonnez-moi cette digression, je m\u2019alarme que nous vivions dans un monde o\u00f9 la seule bonne nouvelle, c\u2019est la d\u00e9faite de Viktor Orb\u00e1n en Hongrie. Rendez-vous compte qu\u2019on se r\u00e9jouit de ce que [P\u00e9ter Magyar], un homme de droite, conservateur ait \u00e9t\u00e9 \u00e9lu \u00e0 la t\u00eate du pays. C\u2019est un renversement des valeurs. On se f\u00e9licite du moins pire\u2026<\/span><\/p>\n<p style=\"text-align: justify;\"><strong><span style=\"font-size: medium;\">Quel type de contrat vous lie aujourd\u2019hui\u00a0\u00e0 Grasset\u00a0?<\/span><\/strong><span style=\"font-size: medium;\"><br \/>\nJ\u2019ai un contrat qui court, pr\u00e9voyant deux livres \u2014 la suite du <\/span><em><span style=\"font-size: medium;\"><a href=\"https:\/\/www.telerama.fr\/livre\/le-roman-des-artistes-tome-2-dan-franck-dans-le-tourbillon-politique-du-xix-avec-sand-balzac-hugo_cri-7041072.php\" target=\"_blank\" rel=\"noopener\">Roman des artistes<\/a>,<\/span><\/em><span style=\"font-size: medium;\"> une t\u00e9tralogie dont j\u2019ai publi\u00e9 les deux premiers titres chez Grasset. Je ne sais pas o\u00f9 les deux prochains para\u00eetront. Peut-\u00eatre m\u00eame que \u00e7a s\u2019arr\u00eatera l\u00e0. Je n\u2019en sais rien. Et ce n\u2019est probablement pas le plus important, mais il faudra bien que je me pose la question. Parmi les auteurs, certains vont avoir besoin des conseils d\u2019avocats, d\u2019autres pas. Il existe beaucoup de cas de figure diff\u00e9rents. Nous allons essayer d\u2019organiser une d\u00e9fense group\u00e9e \u2014 j\u2019ai appris que l\u2019on appelait \u00e7a une<\/span><em><span style=\"font-size: medium;\"> \u00ab\u00a0class action\u00a0\u00bb<\/span><\/em><span style=\"font-size: medium;\">.<\/span><\/p>\n<p style=\"text-align: justify;\"><span style=\"font-size: medium;\">Telerama<\/span><\/p>\n","protected":false},"excerpt":{"rendered":"<p>\u201cOn assiste \u00e0 une concentration de la culture entre des mains tr\u00e8s dangereuses\u201d\u00a0; Dan Franck<\/p>\n","protected":false},"author":2,"featured_media":0,"comment_status":"closed","ping_status":"closed","sticky":false,"template":"","format":"standard","meta":{"footnotes":""},"categories":[1],"tags":[],"class_list":["post-16495","post","type-post","status-publish","format-standard","hentry","category-non-classe"],"_links":{"self":[{"href":"https:\/\/www.quieryavenir.fr\/blog\/wp-json\/wp\/v2\/posts\/16495","targetHints":{"allow":["GET"]}}],"collection":[{"href":"https:\/\/www.quieryavenir.fr\/blog\/wp-json\/wp\/v2\/posts"}],"about":[{"href":"https:\/\/www.quieryavenir.fr\/blog\/wp-json\/wp\/v2\/types\/post"}],"author":[{"embeddable":true,"href":"https:\/\/www.quieryavenir.fr\/blog\/wp-json\/wp\/v2\/users\/2"}],"replies":[{"embeddable":true,"href":"https:\/\/www.quieryavenir.fr\/blog\/wp-json\/wp\/v2\/comments?post=16495"}],"version-history":[{"count":1,"href":"https:\/\/www.quieryavenir.fr\/blog\/wp-json\/wp\/v2\/posts\/16495\/revisions"}],"predecessor-version":[{"id":16496,"href":"https:\/\/www.quieryavenir.fr\/blog\/wp-json\/wp\/v2\/posts\/16495\/revisions\/16496"}],"wp:attachment":[{"href":"https:\/\/www.quieryavenir.fr\/blog\/wp-json\/wp\/v2\/media?parent=16495"}],"wp:term":[{"taxonomy":"category","embeddable":true,"href":"https:\/\/www.quieryavenir.fr\/blog\/wp-json\/wp\/v2\/categories?post=16495"},{"taxonomy":"post_tag","embeddable":true,"href":"https:\/\/www.quieryavenir.fr\/blog\/wp-json\/wp\/v2\/tags?post=16495"}],"curies":[{"name":"wp","href":"https:\/\/api.w.org\/{rel}","templated":true}]}}