{"id":16504,"date":"2026-04-27T02:52:37","date_gmt":"2026-04-27T00:52:37","guid":{"rendered":"https:\/\/www.quieryavenir.fr\/blog\/?p=16504"},"modified":"2026-04-26T08:54:34","modified_gmt":"2026-04-26T06:54:34","slug":"israel-poursuit-sa-politique-dasphyxie-des-palestinien%c2%b7nes","status":"publish","type":"post","link":"https:\/\/www.quieryavenir.fr\/blog\/2026\/04\/27\/israel-poursuit-sa-politique-dasphyxie-des-palestinien%c2%b7nes\/","title":{"rendered":"Isra\u00ebl poursuit sa politique d\u2019asphyxie des Palestinien\u00b7nes"},"content":{"rendered":"<p style=\"text-align: justify;\"><img loading=\"lazy\" decoding=\"async\" class=\"wp-image-16497 aligncenter\" src=\"https:\/\/www.quieryavenir.fr\/blog\/wp-content\/uploads\/2026\/04\/Bollore-198x300.jpg\" alt=\"\" width=\"338\" height=\"512\" srcset=\"https:\/\/www.quieryavenir.fr\/blog\/wp-content\/uploads\/2026\/04\/Bollore-198x300.jpg 198w, https:\/\/www.quieryavenir.fr\/blog\/wp-content\/uploads\/2026\/04\/Bollore.jpg 500w\" sizes=\"auto, (max-width: 338px) 100vw, 338px\" \/><\/p>\n<h1 style=\"text-align: justify;\"><strong><span style=\"color: #000000;\">Tout d\u2019abord une mise au point de l\u2019AFPS<\/span><\/strong><\/h1>\n<p><!--more--><\/p>\n<p style=\"text-align: justify;\">En date du 24 avril, apr\u00e8s <b>735 + 196 jours<\/b> de guerre d\u2019extermination du peuple palestinien par Isra\u00ebl et ses soutiens, on d\u00e9nombre \u00e0 Gaza plus de 244.906 martyrs et bless\u00e9s.<\/p>\n<p style=\"text-align: justify;\">\u00a0<b>A Gaza,<\/b> les Forces d\u2019Occupation Isra\u00e9liennes ont assassin\u00e9 au moins 72.568 Palestiniens dont plus de 21.284 enfants et 22.000 femmes. On compte plus de 172.338 bless\u00e9s (+ de 44.486 enfants), 9.500 personnes disparues dont 2.900 enfants et 2.000.000 citoyens d\u00e9plac\u00e9s.<\/p>\n<p style=\"text-align: justify;\">Isra\u00ebl a tu\u00e9 791 et bless\u00e9 2.235 Palestiniens depuis l\u2019entr\u00e9e en vigueur du \u00ab\u00a0cessez-le-feu\u00a0\u00bb du 10\/10\/25, 761 corps ont \u00e9t\u00e9 retrouv\u00e9s. (<span style=\"color: #0563c1;\"><u><a href=\"https:\/\/french.wafa.ps\/Pages\/Details\/243369\" target=\"_top\">https:\/\/french.wafa.ps\/Pages\/Details\/243369<\/a><\/u><\/span>)<\/p>\n<p style=\"text-align: justify;\">\u00a0<b>En Cisjordanie dont J\u00e9rusalem<\/b>, on d\u00e9nombre 1.166 martyrs dont 239 enfants, plus de 11.700 bless\u00e9s, 23.000 personnes arr\u00eat\u00e9es (700 femmes, 1.800 enfants, 240 journalistes)<b> <\/b>et 33.000 citoyens d\u00e9plac\u00e9s.<\/p>\n<p style=\"text-align: justify;\">(<span style=\"color: #0563c1;\"><u><a href=\"https:\/\/french.wafa.ps\/Pages\/Details\/243366\" target=\"_top\">https:\/\/french.wafa.ps\/Pages\/Details\/243366<\/a><\/u><\/span>)<\/p>\n<p style=\"text-align: justify;\">(<span style=\"color: #0563c1;\"><u><a href=\"https:\/\/french.wafa.ps\/Pages\/Details\/243278\" target=\"_top\">https:\/\/french.wafa.ps\/Pages\/Details\/243278<\/a><\/u><\/span>)<\/p>\n<p style=\"text-align: justify;\">\u00a0Israel d\u00e9tient toujours <b>9.600 prisonniers<\/b> (dont 350 enfants, 90 femmes, 3.532 \u00abadministratifs\u00a0\u00bb)<\/p>\n<p style=\"text-align: justify;\">\u00a0Bilan de l&rsquo;agression isra\u00e9lienne au Liban depuis le 2 mars:<\/p>\n<p style=\"text-align: justify;\">&#8211; 2.475 martyrs et 7.696 bless\u00e9s (<span style=\"color: #0563c1;\"><u><a href=\"https:\/\/french.palinfo.com\/actualites\/2026\/04\/23\/352842\/\" target=\"_top\">https:\/\/french.palinfo.com\/actualites\/2026\/04\/23\/352842\/<\/a><\/u><\/span>)<\/p>\n<p style=\"text-align: justify;\">&#8211; 1,16 million de personnes d\u00e9plac\u00e9es (<span style=\"color: #0563c1;\"><u><a href=\"https:\/\/www.aa.com.tr\/fr\/monde\/le-liban-fait-\u00e9tat-de-plus-de-1-16-million-de-personnes-d\u00e9plac\u00e9es-\u00e0-la-suite-des-attaques-isra\u00e9liennes\/3876479\" target=\"_top\">https:\/\/www.aa.com.tr\/fr\/monde\/le-liban-fait-%C3%A9ta<\/a><\/u><\/span>)<\/p>\n<p style=\"text-align: center;\">\u00a0** **<\/p>\n<p style=\"text-align: justify;\">Six mois apr\u00e8s la mise en place\u00a0d\u2019un cessez-le-feu fragile\u00a0\u00e0 Gaza,\u00a0le 10\u00a0octobre 2025, M\u00e9decins Sans Fronti\u00e8res (MSF) d\u00e9nonce la poursuite de violentes attaques\u00a0et de bombardements par les forces isra\u00e9liennes.<\/p>\n<p style=\"text-align: justify;\">Le contr\u00f4le militaire sur la bande de Gaza ne cesse de s\u2019\u00e9tendre, tandis que les Palestiniens subissent toujours des conditions de vie d\u00e9sastreuses. Les autorit\u00e9s isra\u00e9liennes entravent d\u00e9lib\u00e9r\u00e9ment l\u2019acheminement de l\u2019aide humanitaire et des biens de premi\u00e8re n\u00e9cessit\u00e9, entra\u00eenant de nombreux\u00a0d\u00e9c\u00e8s qui seraient facilement \u00e9vitables. Les \u00e9quipes m\u00e9dicales de MSF constatent sur le terrain que la r\u00e9alit\u00e9 quotidienne \u00e0 Gaza reste catastrophique.<\/p>\n<p style=\"text-align: justify;\">Entre le 10\u00a0octobre 2025, date de l\u2019entr\u00e9e en vigueur du\u00a0<b>cessez-le-feu<\/b>, et le\u00a08\u00a0avril dernier, au moins\u00a0<b>733\u00a0personnes ont \u00e9t\u00e9 tu\u00e9es<\/b>\u00a0et 1\u00a0913\u00a0bless\u00e9es, selon le minist\u00e8re de la Sant\u00e9 de\u00a0<b>Gaza<\/b>. Les \u00e9quipes de MSF interviennent r\u00e9guli\u00e8rement \u00e0 la suite d\u2019attaques isra\u00e9liennes qui ont fait de nombreuses victimes. Elles ont soign\u00e9 au moins 244\u00a0patients pour des blessures caus\u00e9es par ces attaques, dont de nombreux enfants.<\/p>\n<p style=\"text-align: justify;\">Depuis le cessez-le-feu, les \u00e9quipes de MSF ont r\u00e9alis\u00e9 plus de 40\u00a0000\u00a0pansements pour des blessures dues \u00e0 des traumatismes violents, notamment des blessures par balle ou dues \u00e0 des explosions. Les \u00e9quipes m\u00e9dicales ont pris en charge plus de 15\u00a0000\u00a0cas de traumatismes dans les deux\u00a0<b>h\u00f4pitaux de campagne<\/b>\u00a0de MSF, qu\u2019il s\u2019agisse de blessures r\u00e9centes ou de blessures n\u00e9cessitant des soins de longue dur\u00e9e. Dans la clinique de MSF\u00a0\u00e0\u00a0<b>Gaza\u00a0City<\/b>, plus de 18\u00a0000\u00a0pansements ont \u00e9t\u00e9 pos\u00e9s, dont plus de 60% pour des blessures traumatiques.<\/p>\n<p style=\"text-align: justify;\"><i>\u00ab\u00a0Le\u00a0cessez-le-feu n\u2019a pas mis fin au g\u00e9nocide contre les Palestiniens \u00e0 Gaza.\u00a0Les autorit\u00e9s isra\u00e9liennes continuent de d\u00e9truire les conditions m\u00eames de la vie des Gazaouis. M\u00eame si les violences ont baiss\u00e9 en intensit\u00e9,\u00a0 es attaques isra\u00e9liennes se poursuivent et la situation reste catastrophique. Les besoins de la population sont immenses, mais les autorit\u00e9s isra\u00e9liennes continuent de restreindre syst\u00e9matiquement l\u2019entr\u00e9e de l\u2019aide humanitaire\u00a0\u00bb<\/i> d\u00e9plore Claire San Filippo, responsable des urgences pour MSF.<\/p>\n<p style=\"text-align: justify;\">La population est confront\u00e9e \u00e0 des p\u00e9nuries d\u2019<b>eau potable<\/b>, de nourriture, d\u2019\u00e9lectricit\u00e9 et \u00e0 des difficult\u00e9s d\u2019acc\u00e8s aux soins. Le\u00a0<b>syst\u00e8me de sant\u00e9<\/b>, d\u00e9j\u00e0 d\u00e9vast\u00e9, est aujourd\u2019hui asphyxi\u00e9, en raison des entraves \u00e0 l\u2019acheminement de l\u2019aide humanitaire impos\u00e9es par\u00a0<b>Isra\u00ebl<\/b>. Le gouvernement isra\u00e9lien a en effet interdit \u00e0 37\u00a0organisations humanitaires, dont MSF, d\u2019op\u00e9rer \u00e0 Gaza, o\u00f9 elles fournissaient pourtant\u00a0une assistance vitale \u00e0 la population.<\/p>\n<p style=\"text-align: justify;\">Depuis le 1er\u00a0janvier 2026, les autorit\u00e9s isra\u00e9liennes emp\u00eachent MSF d\u2019acheminer tout\u00a0<b>mat\u00e9riel m\u00e9dical<\/b>\u00a0et humanitaire \u00e0 Gaza.<\/p>\n<p style=\"text-align: justify;\">Par ailleurs, Isra\u00ebl emp\u00eache \u00e9galement la plupart des \u00e9vacuations m\u00e9dicales de patients n\u00e9cessitant des soins sp\u00e9cialis\u00e9s en dehors de Gaza. Actuellement, plus de 18\u00a0500\u00a0personnes \u00e0 Gaza figurent toujours sur la liste des\u00a0<b>\u00e9vacuations m\u00e9dicales<\/b>, dont 4\u00a0000\u00a0enfants, selon l\u2019OMS.<\/p>\n<p style=\"text-align: justify;\">Les structures de sant\u00e9 de MSF sont confront\u00e9es \u00e0 des\u00a0<b>p\u00e9nuries critiques<\/b>\u00a0de mat\u00e9riel m\u00e9dical\u00a0\u2013 notamment de gazes, de compresses et de mat\u00e9riel m\u00e9dical st\u00e9rile (gants, blouses et d\u00e9sinfectant pour les surfaces). Elles font \u00e9galement face \u00e0 des ruptures de stocks de m\u00e9dicaments, y compris des m\u00e9dicaments comme l\u2019insuline, destin\u00e9s aux\u00a0<b>maladies\u00a0chroniques<\/b>\u00a0non transmissibles. Ces p\u00e9nuries ont un impact sur les traitements essentiels des maladies chroniques, et accroissent les souffrances des habitants de Gaza tout en les privant de leur dignit\u00e9.<\/p>\n<p style=\"text-align: justify;\"><i>\u00ab\u00a0Toutes les personnes \u00e2g\u00e9es de notre famille sont d\u00e9c\u00e9d\u00e9es au cours de cette guerre catastrophique\u00a0\u00bb <\/i>explique Rami Abu Anza, infirmier de MSF \u00e0 Gaza. <i>\u00ab\u00a0Elles souffraient toutes de maladies chroniques et ont succomb\u00e9 en raison de l\u2019indisponibilit\u00e9 de ces m\u00e9dicaments, qui s\u2019ajoute aux conditions de vie difficiles et \u00e0 l\u2019effondrement du syst\u00e8me de sant\u00e9.\u00a0\u00bb<\/i><\/p>\n<p style=\"text-align: justify;\"><i>\u00ab\u00a0Nous avons beaucoup pein\u00e9 pour obtenir un traitement\u00a0\u00bb,<\/i> explique Mohammed Abo Zaina, un patient de 69\u00a0ans suivi par MSF pour une maladie chronique. <i>\u00ab\u00a0Nous ne trouvons ni m\u00e9dicaments contre l\u2019hypertension, ni contre le diab\u00e8te, ni pour le c\u0153ur. Nous avons souffert mentalement et physiquement. Et nous sommes des personnes \u00e2g\u00e9es. Nous sommes compl\u00e8tement \u00e9puis\u00e9s. Il n\u2019y a rien de disponible. Pas de vie digne, pas d\u2019abri, pas de moyens de subsistance\u00a0\u00bb.<\/i><\/p>\n<p style=\"text-align: justify;\"><b>Un espace vital r\u00e9duit \u00e0 peau de chagrin<br \/>\n<\/b>\u00c0 Gaza, environ\u00a0<b>90% de la population a \u00e9t\u00e9 d\u00e9plac\u00e9e de force<\/b>, souvent \u00e0 plusieurs reprises, et vit dans des tentes ou des abris de fortune. Cette situation ne s\u2019est pas sensiblement am\u00e9lior\u00e9e depuis le cessez-le-feu. Dans la ville de\u00a0<b>Khan Youn\u00e8s<\/b>, o\u00f9 MSF soutient les centres de soin de sant\u00e9 primaires de Al-Mawasi\u00a0et Al-Attar, les probl\u00e8mes de sant\u00e9 les plus fr\u00e9quents sont directement li\u00e9s aux conditions de vie d\u00e9sastreuses et \u00e0 la surpopulation. Entre octobre\u00a02025 et mars\u00a02026, les\u00a0<b>infections des voies respiratoires\u00a0<\/b>sup\u00e9rieures y repr\u00e9sentaient 42% des cas, les maladies de la peau telles que la gale et les poux en repr\u00e9sentaient 16,7%, et la diarrh\u00e9e 8,4%.<\/p>\n<p style=\"text-align: justify;\">L\u2019espace dans lequel peut vivre la population gazaouie ne cesse de se r\u00e9duire, et cet espace n\u2019est pas du tout s\u00fbr. Depuis le cessez-le-feu, la bande de Gaza est de fait divis\u00e9e par la \u00ab\u00a0ligne jaune\u00a0\u00bb, qui d\u00e9limite une zone sous contr\u00f4le militaire isra\u00e9lien (58% du territoire). Les\u00a0Palestiniens sont repouss\u00e9s sur seulement 42% d\u2019un territoire en grande partie d\u00e9truit. Cette ligne n\u2019est pas clairement d\u00e9finie et ne cesse de se d\u00e9placer vers l\u2019ouest, en direction de la mer, ce qui confine des centaines de milliers de personnes dans une minuscule parcelle de terre surpeupl\u00e9e. Et le p\u00e9rim\u00e8tre de la \u00ab\u00a0ligne jaune\u00a0\u00bb est devenu une zone de mort, o\u00f9 les tirs, les frappes a\u00e9riennes et les bombardements des forces isra\u00e9liennes sont quotidiens. Des navires de guerre isra\u00e9liens tirent \u00e9galement depuis la mer vers l\u2019int\u00e9rieur des terres, pi\u00e9geant les populations sous des tirs venant de tous c\u00f4t\u00e9s.<\/p>\n<p style=\"text-align: justify;\"><b>MSF appelle les dirigeants mondiaux<\/b>\u00a0et les gouvernements, notamment les \u00c9tats-Unis, l\u2019Union europ\u00e9enne et ses \u00c9tats membres, ainsi que les \u00c9tats arabes, \u00e0 utiliser tous les leviers politiques pour faire pression sur les autorit\u00e9s isra\u00e9liennes afin qu\u2019elles \u00e9pargnent les civils, r\u00e9tablissent des conditions de vie dignes et autorisent de toute urgence l\u2019acheminement sans entrave de l\u2019<b>aide humanitaire vers Gaza<\/b>, ce qui rel\u00e8ve du devoir d\u2019Isra\u00ebl, en tant que puissance occupante.<\/p>\n<p style=\"text-align: justify;\"><a href=\"https:\/\/www.msf.fr\/communiques-presse\/gaza-six-mois-apres-un-cessez-le-feu-de-facade-israel-poursuit-sa-politique-d-asphyxie-des-palestiniens\" target=\"_top\">https:\/\/www.msf.fr\/communiques-presse\/gaza-six-mois-apres-un-cessez-le-feu-de<\/a><\/p>\n<p style=\"text-align: justify;\">** **<\/p>\n<p style=\"text-align: justify;\">Autres\u00a0textes trouv\u00e9s sur\u00a0:<\/p>\n<p style=\"text-align: justify;\"><a href=\"https:\/\/entreleslignesentrelesmots.wordpress.com\/2026\/04\/16\/israel-poursuit-sa-politique-dasphyxie-des-palestinien\u00b7nes-et-autres-textes\/\" target=\"_top\">https:\/\/entreleslignesentrelesmots.wordpress.com\/2026\/04\/16\/israel-poursuit-sa-politique-dasphyxie-des-palestinien%C2%B7nes-et-autres-textes\/<\/a><\/p>\n<ul style=\"text-align: justify;\" type=\"DISC\">\n<li>MSF\u00a0: Gaza\u00a0: six mois apr\u00e8s un cessez-le-feu de fa\u00e7ade, Isra\u00ebl poursuit sa politique d\u2019asphyxie des Palestiniens<\/li>\n<li><i>Un drapeau noir se d\u00e9ploie sur Israel. Un appel \u00e0 \u00e9couter la conscience et \u00e0 prot\u00e9ger la nation<\/i>. Par les anciens chefs de l\u2019appareil de d\u00e9fense d\u2019Isra\u00ebl<\/li>\n<li>Flotille Global Sumud\u00a0: nous refusons d\u2019attendre<\/li>\n<li>3\u00a0000\u00a0volontaires et des dizaines de navires\u00a0: la plus grande flottille humanitaire va quitter Barcelone pour tenter de briser le blocus de Gaza<\/li>\n<li>Plus d\u2019un million de signatures pour la p\u00e9tition sur la suspension de l\u2019accord d\u2019association UE-Isra\u00ebl<\/li>\n<li>Tala Halawa\u00a0: <i>Sommeil, repos et survie\u00a0: l\u2019artiste Hamada ElKept met en lumi\u00e8re le poids psychologique du g\u00e9nocide perp\u00e9tr\u00e9 par Isra\u00ebl \u00e0 Gaza<\/i><\/li>\n<li>Fleur Hargreaves et Lubna Masarwa\u00a0: <i>Le gouvernement isra\u00e9lien \u00ab\u00a0approuve en secret un nombre record\u00a0\u00bb de nouvelles colonies en Cisjordanie<\/i><\/li>\n<li>Pr\u00e9fabriqu\u00e9s et campus de fortune \u00a0 une goutte d\u2019eau face \u00e0 la crise humanitaire \u00e0 Gaza<\/li>\n<li>Libert\u00e9 pour les prisonniers politiques palestiniens<\/li>\n<li>Journ\u00e9e des prisonnier\u00b7es palestinien\u00b7nes 2026<\/li>\n<li><u>Liens vers d\u2019autres textes<\/u><\/li>\n<\/ul>\n<p style=\"text-align: justify;\">\n","protected":false},"excerpt":{"rendered":"<p>Tout d\u2019abord une mise au point de l\u2019AFPS<\/p>\n","protected":false},"author":2,"featured_media":0,"comment_status":"closed","ping_status":"closed","sticky":false,"template":"","format":"standard","meta":{"footnotes":""},"categories":[1],"tags":[],"class_list":["post-16504","post","type-post","status-publish","format-standard","hentry","category-non-classe"],"_links":{"self":[{"href":"https:\/\/www.quieryavenir.fr\/blog\/wp-json\/wp\/v2\/posts\/16504","targetHints":{"allow":["GET"]}}],"collection":[{"href":"https:\/\/www.quieryavenir.fr\/blog\/wp-json\/wp\/v2\/posts"}],"about":[{"href":"https:\/\/www.quieryavenir.fr\/blog\/wp-json\/wp\/v2\/types\/post"}],"author":[{"embeddable":true,"href":"https:\/\/www.quieryavenir.fr\/blog\/wp-json\/wp\/v2\/users\/2"}],"replies":[{"embeddable":true,"href":"https:\/\/www.quieryavenir.fr\/blog\/wp-json\/wp\/v2\/comments?post=16504"}],"version-history":[{"count":1,"href":"https:\/\/www.quieryavenir.fr\/blog\/wp-json\/wp\/v2\/posts\/16504\/revisions"}],"predecessor-version":[{"id":16505,"href":"https:\/\/www.quieryavenir.fr\/blog\/wp-json\/wp\/v2\/posts\/16504\/revisions\/16505"}],"wp:attachment":[{"href":"https:\/\/www.quieryavenir.fr\/blog\/wp-json\/wp\/v2\/media?parent=16504"}],"wp:term":[{"taxonomy":"category","embeddable":true,"href":"https:\/\/www.quieryavenir.fr\/blog\/wp-json\/wp\/v2\/categories?post=16504"},{"taxonomy":"post_tag","embeddable":true,"href":"https:\/\/www.quieryavenir.fr\/blog\/wp-json\/wp\/v2\/tags?post=16504"}],"curies":[{"name":"wp","href":"https:\/\/api.w.org\/{rel}","templated":true}]}}