{"id":16515,"date":"2026-05-01T02:02:22","date_gmt":"2026-05-01T00:02:22","guid":{"rendered":"https:\/\/www.quieryavenir.fr\/blog\/?p=16515"},"modified":"2026-04-28T07:03:48","modified_gmt":"2026-04-28T05:03:48","slug":"oradour-coloniaux-francais","status":"publish","type":"post","link":"https:\/\/www.quieryavenir.fr\/blog\/2026\/05\/01\/oradour-coloniaux-francais\/","title":{"rendered":"Oradour coloniaux fran\u00e7ais"},"content":{"rendered":"<p style=\"text-align: justify;\"><img loading=\"lazy\" decoding=\"async\" class=\"wp-image-16500 aligncenter\" src=\"https:\/\/www.quieryavenir.fr\/blog\/wp-content\/uploads\/2026\/04\/MoyenOrient-300x181.jpg\" alt=\"\" width=\"554\" height=\"334\" srcset=\"https:\/\/www.quieryavenir.fr\/blog\/wp-content\/uploads\/2026\/04\/MoyenOrient-300x181.jpg 300w, https:\/\/www.quieryavenir.fr\/blog\/wp-content\/uploads\/2026\/04\/MoyenOrient-768x462.jpg 768w, https:\/\/www.quieryavenir.fr\/blog\/wp-content\/uploads\/2026\/04\/MoyenOrient.jpg 831w\" sizes=\"auto, (max-width: 554px) 100vw, 554px\" \/><\/p>\n<h1 style=\"text-align: justify;\">\u00ab\u00a0Il y a eu des massacres \u00e9quivalents \u00e0 celui d&rsquo;Oradour\u00a0\u00bb en Alg\u00e9rie<\/h1>\n<p><!--more--><\/p>\n<p style=\"text-align: justify;\">\u00ab\u00a0Chaque ann\u00e9e, en France, on comm\u00e9more <a href=\"https:\/\/www.france24.com\/fr\/france\/20240609-massacre-d-oradour-sur-glane-80-ans-apr\u00e8s-des-zones-d-ombres-demeurent\" target=\"_self\">ce qui s&rsquo;est pass\u00e9 \u00e0 Oradour-sur-Glane<\/a>, c&rsquo;est-\u00e0-dire le massacre de tout un village. Mais on en a fait des centaines, nous, en <a href=\"https:\/\/www.france24.com\/fr\/tag\/alg\u00e9rie\/\" target=\"_self\">Alg\u00e9rie<\/a>. Est-ce qu&rsquo;on en a conscience ?\u00a0\u00bb\u00a0Le 25 f\u00e9vrier 2025, le journaliste fran\u00e7ais Jean-Michel Apathie\u00a0pronon\u00e7ait cette phrase\u00a0dans sa chronique\u00a0sur RTL,\u00a0provoquant une pol\u00e9mique d&rsquo;une violence sans nom. Il est alors accus\u00e9 de \u00ab\u00a0ne pas aimer la France\u00a0\u00bb : <a href=\"https:\/\/www.france24.com\/fr\/tag\/jordan-bardella\/\" target=\"_self\">Jordan Bardella<\/a>, pr\u00e9sident du <a href=\"https:\/\/www.france24.com\/fr\/tag\/rassemblement-national\/\" target=\"_self\">Rassemblement national<\/a>, lui reproche de\u00a0\u00ab\u00a0falsifier\u00a0odieusement\u00a0l&rsquo;histoire\u00a0\u00bb, <a href=\"https:\/\/www.france24.com\/fr\/tag\/\u00e9ric-ciotti\/\" target=\"_self\">\u00c9ric Ciotti<\/a>\u00a0(Union des droits pour la R\u00e9publique, UDR) de\u00a0faire\u00a0de\u00a0la \u00ab\u00a0propagande indig\u00e9niste\u00a0\u00bb, Cyril Hanouna,\u00a0animateur du groupe de Vincent Bollor\u00e9\u00a0de \u00ab\u00a0comparer la <a href=\"https:\/\/www.france24.com\/fr\/tag\/france\/\" target=\"_self\">France<\/a> \u00e0 l&rsquo;Allemagne nazie\u00a0\u00bb&#8230;\u00a0Face au\u00a0lynchage politico-m\u00e9diatique, et apr\u00e8s sa suspension par la direction de RTL, Jean-Michel Apathie d\u00e9cide\u00a0de\u00a0quitter la radio, malgr\u00e9 le soutien de nombreux historiens.<\/p>\n<p style=\"text-align: justify;\">Pour\u00a0Olivier Le Cour Grandmaison,\u00a0enseignant en sciences politiques et philosophie\u00a0politique \u00e0 l&rsquo;universit\u00e9 Paris-Saclay,\u00a0ce \u00ab\u00a0scandale\u00a0\u00bb signe\u00a0\u00ab\u00a0le triomphe\u00a0des pr\u00e9jug\u00e9s de la mythologie nationale r\u00e9publicaine sur\u00a0la v\u00e9rit\u00e9 historique\u00a0\u00bb. La France a-t-elle commis des massacres de civils comparables \u00e0 ce symbole de la barbarie nazie lors de sa conqu\u00eate coloniale aux\u00a0XIX<sup>e<\/sup>\u00a0et XX<sup>e<\/sup>\u00a0si\u00e8cles ? C&rsquo;est ce que veut\u00a0d\u00e9montrer\u00a0Olivier Le Cour Grandmaison dans \u00ab\u00a0Oradour coloniaux fran\u00e7ais. Contre le &lsquo;roman national'\u00a0\u00bb (\u00e9d. Les Liens qui lib\u00e8rent). Le politologue d\u00e9taille comment le roman national,\u00a0\u00ab\u00a0ce\u00a0r\u00e9cit r\u00e9put\u00e9 glorieux de l&rsquo;histoire de France\u00a0\u00bb, a permis de dissimuler et de nier \u00ab\u00a0l&rsquo;extr\u00eame brutalit\u00e9 de la colonisation fran\u00e7aise\u00a0\u00bb.<\/p>\n<p style=\"text-align: justify;\">France 24 :\u00a0Pourquoi ce titre, \u00ab\u00a0Oradour coloniaux fran\u00e7ais\u00a0\u00bb\u00a0?\u00a0Est-ce pour choquer ?<\/p>\n<p style=\"text-align: justify;\">Olivier Le Cour Grandmaison : Ce n&rsquo;est\u00a0pas le but du livre. Il s&rsquo;agit de r\u00e9tablir des v\u00e9rit\u00e9s historiques \u00e9tablies depuis tr\u00e8s longtemps. La r\u00e9f\u00e9rence \u00e0 Oradour surgit tr\u00e8s t\u00f4t apr\u00e8s la <a href=\"https:\/\/www.france24.com\/fr\/tag\/seconde-guerre-mondiale\/\" target=\"_self\">Seconde Guerre mondiale<\/a>,\u00a0notamment\u00a0avec l&rsquo;intervention en d\u00e9cembre 1945 d&rsquo;un\u00a0d\u00e9put\u00e9 du Parti communiste alg\u00e9rien\u00a0\u00e0 l&rsquo;<a href=\"https:\/\/www.france24.com\/fr\/tag\/assembl\u00e9e-nationale\/\" target=\"_self\">Assembl\u00e9e nationale<\/a> constituante (L&rsquo;Alg\u00e9rie est alors encore un territoire fran\u00e7ais, qui envoie des d\u00e9put\u00e9s \u00e0 l&rsquo;Assembl\u00e9e \u00e0 Paris, NDLR.)<\/p>\n<p style=\"text-align: justify;\">\u00c0\u00a0partir du 8 mai 1945,\u00a0il y a eu de terribles massacres en Alg\u00e9rie\u00a0\u2013 dont le bilan se situe entre 30 000\u00a0et 35 000\u00a0morts. Des civils ont \u00e9t\u00e9 massacr\u00e9s\u00a0par l&rsquo;arm\u00e9e fran\u00e7aise et par des milices coloniales, et\u00a0les\u00a0cadavres\u00a0ont\u00a0parfois\u00a0\u00e9t\u00e9 br\u00fbl\u00e9s dans des fours \u00e0 chaux pour\u00a0les\u00a0faire dispara\u00eetre. Ces techniques de terreur et de massacres n&rsquo;ont pas\u00a0grand-chose\u00a0\u00e0 envier aux m\u00e9thodes employ\u00e9es par la division \u00ab\u00a0Das Reich\u00a0\u00bb\u00a0\u00e0 Oradour-sur-Glane.<\/p>\n<p style=\"text-align: justify;\">Par\u00a0ailleurs, lors de la conqu\u00eate de l&rsquo;Alg\u00e9rie par le g\u00e9n\u00e9ral Bugeaud,\u00a0il y a eu des\u00a0\u00e9pisodes parfaitement connus et \u00e9tudi\u00e9s.\u00a0Le g\u00e9n\u00e9ral Bugeaud donne\u00a0l&rsquo;ordre suivant\u00a0\u00e0 ses\u00a0officiers qui s&rsquo;appr\u00eatent\u00a0\u00e0 partir en campagne : \u00ab\u00a0Si ces gredins (les indig\u00e8nes, NDLR) se retirent dans leur caverne,\u00a0fumez-les\u00a0comme des renards.\u00a0\u00bb\u00a0Cet\u00a0ordre est\u00a0appliqu\u00e9\u00a0notamment par le\u00a0g\u00e9n\u00e9ral P\u00e9lissier,\u00a0qui proc\u00e8de\u00a0\u00e0 une <a href=\"https:\/\/shs.cairn.info\/histoire-memoire-et-colonisation--9789947397695-page-57?lang=fr\" target=\"_blank\" rel=\"noopener\">\u00ab\u00a0enfumade\u00a0\u00bb<\/a>\u00a0exterminant\u00a0une tribu enti\u00e8re de 1 000 personnes\u202f\u2013 des\u00a0hommes, femmes, enfants et vieillards d\u00e9sarm\u00e9s.\u00a0L\u00e0 encore, on est en droit de consid\u00e9rer qu&rsquo;il s&rsquo;agit bien de massacres \u00e9quivalents\u00a0\u00e0 celui d&rsquo;Oradour.<\/p>\n<p style=\"text-align: justify;\">Apr\u00e8s le d\u00e9but de la derni\u00e8re guerre d&rsquo;Alg\u00e9rie, <a href=\"https:\/\/www.france24.com\/fr\/\u00e9missions\/focus\/20241101-guerre-d-alg\u00e9rie-70-ans-apr\u00e8s-retour-sur-la-toussaint-rouge\" target=\"_self\">le 1<\/a><a href=\"https:\/\/www.france24.com\/fr\/\u00e9missions\/focus\/20241101-guerre-d-alg\u00e9rie-70-ans-apr\u00e8s-retour-sur-la-toussaint-rouge\" target=\"_self\"><sup>er<\/sup><\/a><b> <\/b><a href=\"https:\/\/www.france24.com\/fr\/\u00e9missions\/focus\/20241101-guerre-d-alg\u00e9rie-70-ans-apr\u00e8s-retour-sur-la-toussaint-rouge\" target=\"_self\">novembre 1954<\/a>,\u00a0des r\u00e9sistants ont aussi\u00a0fait\u00a0r\u00e9f\u00e9rence \u00e0 la\u202f\u00a0\u00bbGestapo\u00a0d&rsquo;Alg\u00e9rie\u00a0\u00bb.\u00a0Pour\u00a0eux,\u00a0les m\u00e9thodes employ\u00e9es par l&rsquo;arm\u00e9e fran\u00e7aise \u00e9taient \u00e9quivalentes en mati\u00e8re de torture\u00a0\u00e0 celles de\u00a0la Gestapo\u00a0allemande. Ils\u00a0utilisaient le terme \u00ab\u00a0Gestapo fran\u00e7aise\u00a0\u00bb\u00a0pour qualifier ces pratiques de torture\u00a0et, \u00e9videmment, les d\u00e9noncer.<\/p>\n<p style=\"text-align: justify;\">Le fait de revisiter\u00a0son histoire\u00a0coloniale est-il\u00a0une particularit\u00e9 fran\u00e7aise ?<\/p>\n<p style=\"text-align: justify;\">Le\u00a0d\u00e9bat n&rsquo;oppose pas\u00a0deux\u00a0interpr\u00e9tations\u00a0de\u00a0l&rsquo;histoire. Il\u202foppose ceux qui sont attach\u00e9s \u00e0 l&rsquo;\u00e9tablissement de connaissances\u00a0et de la\u00a0v\u00e9rit\u00e9 \u00e0 ceux qui d\u00e9fendent ce qui rel\u00e8ve d&rsquo;un roman national.\u00a0Cette\u00a0mythologie imp\u00e9riale r\u00e9publicaine\u00a0euph\u00e9mise\u00a0les crimes commis,\u00a0voire\u00a0les nie\u00a0totalement. Il s&rsquo;agit bien d&rsquo;une volont\u00e9 de falsification et d&rsquo;entretien d&rsquo;une mythologie nationale.<\/p>\n<p style=\"text-align: justify;\">La\u00a0France pr\u00e9sente une certaine particularit\u00e9. Si on compare\u00a0avec\u00a0la Grande-Bretagne, l&rsquo;<a href=\"https:\/\/www.france24.com\/fr\/tag\/allemagne\/\" target=\"_self\">Allemagne<\/a>,\u00a0le\u00a0<a href=\"https:\/\/www.france24.com\/fr\/tag\/canada\/\" target=\"_self\">Canada<\/a> et\u00a0les\u00a0<a href=\"https:\/\/www.france24.com\/fr\/tag\/\u00e9tats-unis\/\" target=\"_self\">\u00c9tats-Unis<\/a>,\u00a0tous\u00a0ces\u00a0\u00c9tats ont\u00a0reconnu d&rsquo;une fa\u00e7on ou d&rsquo;une autre\u00a0les crimes\u00a0commis pendant la p\u00e9riode coloniale ou \u00e0 l&rsquo;encontre des populations autochtones (<a href=\"https:\/\/www.rfi.fr\/fr\/afrique\/20130606-indemnisation-milliers-kenyans-victimes-forces-coloniales-britanniques\" target=\"_blank\" rel=\"noopener\">le gouvernement britannique a exprim\u00e9 des \u00ab\u00a0sinc\u00e8res regrets\u00a0\u00bb<\/a>\u00a0pour la r\u00e9pression de l&rsquo;insurrection Mau Mau au <a href=\"https:\/\/www.france24.com\/fr\/tag\/kenya\/\" target=\"_self\">Kenya<\/a>, dans les ann\u00e9es 1950 ; l&rsquo;Allemagne s&rsquo;est excus\u00e9e en 2021 pour \u00ab\u00a0le g\u00e9nocide\u00a0\u00bb\u00a0des tribus H\u00e9r\u00e9ros et Namas en <a href=\"https:\/\/www.france24.com\/fr\/tag\/namibie\/\" target=\"_self\">Namibie<\/a>, etc. NDLR). Dans certains cas, la justice a accord\u00e9 des r\u00e9parations financi\u00e8res aux victimes ou \u00e0 leurs descendants.\u00a0La\u00a0comparaison permet de r\u00e9v\u00e9ler l&rsquo;extraordinaire\u202f\u00a0\u00bbretard\u00a0\u00bb\u00a0fran\u00e7ais li\u00e9 \u00e0 la pusillanimit\u00e9 persistante des autorit\u00e9s politiques, de droite ou de gauche.<\/p>\n<p style=\"text-align: justify;\">Y a-t-il une particularit\u00e9\u00a0alg\u00e9rienne ou\u00a0ces m\u00e9thodes ont-elles\u00a0\u00e9t\u00e9 utilis\u00e9es dans toutes les\u00a0colonies\u00a0fran\u00e7aises ?<\/p>\n<p style=\"text-align: justify;\">Globalement, il y a beaucoup de similitudes entre les m\u00e9thodes de guerre de terreur impos\u00e9es aux indig\u00e8nes dans les diff\u00e9rents territoires de l&rsquo;Empire.\u00a0L&rsquo;<a href=\"https:\/\/www.france24.com\/fr\/tag\/indochine\/\" target=\"_self\">Indochine<\/a> et la guerre d&rsquo;Alg\u00e9rie pr\u00e9sentent\u00a0une particularit\u00e9 : c&rsquo;est l\u00e0 qu&rsquo;est\u00a0mise en \u0153uvre la doctrine de la guerre contre-r\u00e9volutionnaire.\u00a0Sont th\u00e9oris\u00e9es et mises en \u0153uvre les\u00a0pratiques\u00a0de la torture et de\u00a0la disparition forc\u00e9e,\u00a0aujourd&rsquo;hui qualifi\u00e9es\u00a0de\u00a0crimes contre l&rsquo;humanit\u00e9.\u00a0Les forces\u00a0arm\u00e9es fran\u00e7aises, sous l&rsquo;autorit\u00e9 du pouvoir politique, ont d\u00e9port\u00e9 deux\u00a0millions et demi de civils\u00a0alg\u00e9riens,\u00a0plac\u00e9s dans des camps de regroupement afin de vider des r\u00e9gions enti\u00e8res de leur\u00a0population. L&rsquo;objectif\u00a0\u00e9tait\u00a0de priver le <a href=\"https:\/\/www.france24.com\/fr\/tag\/fln\/\" target=\"_self\">FLN<\/a>\u00a0(le Front de lib\u00e9ration nationale fond\u00e9 en octobre 1954 pour lutter contre la colonisation, NDLR) de tout soutien militaire et logistique. Les\u00a0techniques de\u00a0terreur de masse ont \u00e9t\u00e9 utilis\u00e9es apr\u00e8s la guerre d&rsquo;Alg\u00e9rie, notamment <a href=\"https:\/\/www.france24.com\/fr\/20161013-guerre-cameroun-upc-role-france-massacre-francafrique-1960\" target=\"_self\">au Cameroun<\/a>.<\/p>\n<p style=\"text-align: justify;\">Le\u00a0crime contre l&rsquo;humanit\u00e9 est d\u00e9fini dans le code p\u00e9nal fran\u00e7ais.\u00a0La\u00a0torture et\u00a0la disparition forc\u00e9e sont consid\u00e9r\u00e9es comme des crimes contre l&rsquo;humanit\u00e9 d\u00e8s lors que\u00a0les\u00a0motifs\u00a0sont\u00a0ethniques,\u00a0raciaux ou\u00a0politiques.\u00a0Les\u00a0militaires ont agi en vertu d&rsquo;un plan parfaitement concert\u00e9, \u00e9labor\u00e9 par les militaires et souhait\u00e9\u00a0et cautionn\u00e9\u00a0par les politiques. Ces\u00a0m\u00e9thodes\u00a0faisaient partie de\u00a0leur mission\u00a0de \u00ab\u00a0pacification\u00a0\u00bb\u00a0de l&rsquo;Alg\u00e9rie.<\/p>\n<p style=\"text-align: justify;\">La \u00ab\u00a0pacification\u00a0\u00bb\u00a0n&rsquo;est pas beaucoup enseign\u00e9e en France. Est-ce une volont\u00e9 d&rsquo;occulter la conqu\u00eate coloniale ?<\/p>\n<p style=\"text-align: justify;\">La \u00ab\u00a0pacification\u00a0\u00bb\u00a0est le terme officiel employ\u00e9 par les autorit\u00e9s politiques et militaires au moment de la conqu\u00eate de l&rsquo;Alg\u00e9rie, apr\u00e8s la nomination du g\u00e9n\u00e9ral Bugeaud au poste de gouverneur g\u00e9n\u00e9ral.\u00a0Il\u00a0laisse entendre que l&rsquo;objectif de\u00a0la colonisation est d&rsquo;apporter la paix aux populations qui vont \u00eatre conquises et domin\u00e9es et\u00a0de cr\u00e9er ainsi\u00a0les conditions du d\u00e9veloppement de ces\u00a0colonies. Les\u00a0\u00e9v\u00e9nements, la chronologie, la responsabilit\u00e9 des militaires et des politiques sont parfaitement \u00e9tablis par des ouvrages tr\u00e8s importants. Le probl\u00e8me vient plut\u00f4t des programmes d&rsquo;enseignement dans le secondaire, qui accordent fort peu d&rsquo;importance\u00a0\u00e0 la conqu\u00eate de l&rsquo;Alg\u00e9rie et plus largement \u00e0 l&rsquo;histoire coloniale de la France.<\/p>\n<p style=\"text-align: justify;\">Il y a cependant eu\u00a0des\u00a0avanc\u00e9es significatives en mati\u00e8re de contenus\u00a0des manuels scolaires. Je pense notamment\u00a0\u00e0\u00a0la question de l&rsquo;esclavage et <a href=\"https:\/\/www.france24.com\/fr\/france\/20250607-biens-meubles-ch\u00e2timents-corporels-\u00e0-quoi-correspond-le-code-noir-qui-n-a-jamais-\u00e9t\u00e9-aboli\" target=\"_self\">du Code noir de 1685<\/a>. Le probl\u00e8me, c&rsquo;est que les enseignants du secondaire\u00a0sont contraints par des horaires et limit\u00e9s. Aujourd&rsquo;hui, les coll\u00e9giens et les lyc\u00e9ens\u00a0ne\u00a0connaissent pas ou fort mal l&rsquo;histoire coloniale de la France.<\/p>\n<p style=\"text-align: justify;\">En 2017,\u00a0Emmanuel Macron\u00a0avait \u00e9voqu\u00e9 <a href=\"https:\/\/www.france24.com\/fr\/20171122-libye-emmanuel-macron-crime-contre-humanite-esclavage-onu\" target=\"_self\">des \u00ab\u00a0crimes contre l&rsquo;humanit\u00e9\u00a0\u00bb<\/a>\u00a0lors d&rsquo;une visite en Alg\u00e9rie. Apr\u00e8s son \u00e9lection,\u00a0ces termes ont disparu de son discours. A-t-il pli\u00e9 face au roman national ?<\/p>\n<p style=\"text-align: justify;\">Cette d\u00e9claration a \u00e9t\u00e9 faite en tant que candidat\u00a0et non\u00a0en tant que pr\u00e9sident de la R\u00e9publique.\u00a0D\u00e8s\u00a0qu&rsquo;il est rentr\u00e9 \u00e0 Paris, il est revenu pour partie sur ces d\u00e9clarations. S&rsquo;engager\u00a0sur ce terrain\u00a0lui aurait pos\u00e9\u00a0des probl\u00e8mes dans le cadre de l&rsquo;\u00e9lection\u00a0pr\u00e9sidentielle.\u00a0C&rsquo;est aussi\u00a0pourquoi en tant que chef de l&rsquo;\u00c9tat,\u00a0il n&rsquo;a rien fait pour avancer sur la question d&rsquo;une reconnaissance des crimes coloniaux commis pendant la colonisation de l&rsquo;Alg\u00e9rie. Macron n&rsquo;a cess\u00e9 d&rsquo;\u00e9voluer\u00a0sur ces questions. Depuis <a href=\"https:\/\/www.legifrance.gouv.fr\/loda\/id\/JORFTEXT000000444898\" target=\"_blank\" rel=\"noopener\">la loi du 23 f\u00e9vrier 2005<\/a>,\u00a0le\u00a0Rassemblement national (et son pr\u00e9d\u00e9cesseur, le Front national, NDLR) et les\u00a0droites radicalis\u00e9es n&rsquo;ont cess\u00e9 de d\u00e9fendre le pass\u00e9 imp\u00e9rial fran\u00e7ais :\u00a0<a href=\"https:\/\/www.france24.com\/fr\/tag\/fran\u00e7ois-fillon\/\" target=\"_self\">Fran\u00e7ois Fillon<\/a>, Bruno Retailleau\u00a0et <a href=\"https:\/\/www.france24.com\/fr\/tag\/\u00e9douard-philippe\/\" target=\"_self\">\u00c9douard Philippe<\/a>.<\/p>\n<p style=\"text-align: justify;\">Cette loi\u00a0du 23 f\u00e9vrier 2005\u00a0sur le \u00ab\u00a0r\u00f4le positif de la colonisation\u00a0\u00bb a-t-elle, selon vous, constitu\u00e9\u00a0un tournant ?<\/p>\n<p style=\"text-align: justify;\">C&rsquo;est\u00a0un tournant tr\u00e8s significatif.\u00a0C&rsquo;est le\u00a0moment o\u00f9, pour des raisons de concurrence\u00a0\u00e9lectorale, la majorit\u00e9 de droite,\u00a0c&rsquo;est-\u00e0-dire l&rsquo;<a href=\"https:\/\/www.france24.com\/fr\/tag\/ump\/\" target=\"_self\">UMP<\/a> pr\u00e9sid\u00e9e par <a href=\"https:\/\/www.france24.com\/fr\/tag\/nicolas-sarkozy\/\" target=\"_self\">Nicolas Sarkozy<\/a>, d\u00e9cide\u00a0de d\u00e9fendre des positions de r\u00e9habilitation du pass\u00e9 colonial fran\u00e7ais qui sont,\u00a0de fait, celles du <a href=\"https:\/\/www.france24.com\/fr\/tag\/front-national\/\" target=\"_self\">Front national<\/a> depuis tr\u00e8s longtemps.<\/p>\n<p style=\"text-align: justify;\">C&rsquo;est une double exception. D&rsquo;une part,\u00a0parce que la France est la\u00a0seule\u00a0ancienne puissance coloniale \u00e0 avoir vot\u00e9 une telle loi.\u00a0D&rsquo;autre part,\u00a0parce que l&rsquo;\u00c9tat\u00a0ne peut pas intervenir\u00a0dans\u00a0les\u00a0sciences humaines et\u00a0en particulier\u00a0l&rsquo;histoire.\u00a0Il faut rappeler qu&rsquo;il s&rsquo;agit d&rsquo;\u00e9tablir une\u00a0interpr\u00e9tation\u00a0\u00e0 la fois officielle et apolog\u00e9tique du pass\u00e9 colonial fran\u00e7ais. C&rsquo;est une\u00a0position parfaitement\u00a0illib\u00e9rale\u00a0et attentatoire \u00e0 l&rsquo;autonomie indispensable des sciences humaines en g\u00e9n\u00e9ral, et\u00a0de\u00a0l&rsquo;histoire en particulier.<\/p>\n<p style=\"text-align: justify;\">En tant qu&rsquo;historien, pensez-vous que la France\u202fdoit faire la paix avec son pass\u00e9 ? Alger exige une \u00ab\u00a0repentance\u00a0\u00bb&#8230;<\/p>\n<p style=\"text-align: justify;\">On\u00a0ne fait pas la paix avec un pass\u00e9, mais\u00a0\u00e9ventuellement\u00a0avec\u00a0des \u00c9tats anciennement colonis\u00e9s,\u00a0l&rsquo;Alg\u00e9rie en particulier.\u00a0Cela\u00a0passe\u00a0\u00e9videmment par la\u00a0reconnaissance\u00a0des crimes commis au cours de la colonisation.\u00a0A minima,\u00a0il faut\u00a0consid\u00e9rer que ces crimes rel\u00e8vent de crimes d&rsquo;\u00c9tat, et de\u00a0crimes contre l&rsquo;humanit\u00e9.<\/p>\n<p style=\"text-align: justify;\"><a href=\"https:\/\/www.france24.com\/fr\/afrique\/20240507-alg\u00e9rie-pas-concessions-dossier-m\u00e9moriel-france-pr\u00e9sident-tebboune\" target=\"_self\">Ces demandes de l&rsquo;Alg\u00e9rie<\/a>\u00a0sont soumises \u00e0 des consid\u00e9rations \u00e0 la fois d&rsquo;ordre int\u00e9rieur et diplomatique qui n&rsquo;ont\u00a0pas\u00a0grand-chose\u00a0\u00e0 voir avec un souci de v\u00e9rit\u00e9 historique. Il s&rsquo;agit d&rsquo;utiliser l&rsquo;histoire comme ressource politico-diplomatique.\u00a0En France, ceux qui \u0153uvrent\u00a0pour la reconnaissance des crimes n&rsquo;utilisent\u00a0jamais\u00a0ce vocabulaire\u00a0moral et religieux.\u00a0C&rsquo;est une\u00a0question politique\u00a0et\u00a0juridique.<\/p>\n<p style=\"text-align: justify;\"><a href=\"https:\/\/www.france24.com\/fr\/afrique\/20260419-oradour-coloniaux-fran\u00e7ais-massacres-\u00e9quivalents-oradour-alg\u00e9rie-colonisation?utm_source=firefox-newtab-fr-fr\">france24.com<\/a><\/p>\n<p style=\"text-align: justify;\">\n","protected":false},"excerpt":{"rendered":"<p>\u00ab\u00a0Il y a eu des massacres \u00e9quivalents \u00e0 celui d&rsquo;Oradour\u00a0\u00bb en Alg\u00e9rie<\/p>\n","protected":false},"author":2,"featured_media":0,"comment_status":"closed","ping_status":"closed","sticky":false,"template":"","format":"standard","meta":{"footnotes":""},"categories":[1],"tags":[],"class_list":["post-16515","post","type-post","status-publish","format-standard","hentry","category-non-classe"],"_links":{"self":[{"href":"https:\/\/www.quieryavenir.fr\/blog\/wp-json\/wp\/v2\/posts\/16515","targetHints":{"allow":["GET"]}}],"collection":[{"href":"https:\/\/www.quieryavenir.fr\/blog\/wp-json\/wp\/v2\/posts"}],"about":[{"href":"https:\/\/www.quieryavenir.fr\/blog\/wp-json\/wp\/v2\/types\/post"}],"author":[{"embeddable":true,"href":"https:\/\/www.quieryavenir.fr\/blog\/wp-json\/wp\/v2\/users\/2"}],"replies":[{"embeddable":true,"href":"https:\/\/www.quieryavenir.fr\/blog\/wp-json\/wp\/v2\/comments?post=16515"}],"version-history":[{"count":2,"href":"https:\/\/www.quieryavenir.fr\/blog\/wp-json\/wp\/v2\/posts\/16515\/revisions"}],"predecessor-version":[{"id":16517,"href":"https:\/\/www.quieryavenir.fr\/blog\/wp-json\/wp\/v2\/posts\/16515\/revisions\/16517"}],"wp:attachment":[{"href":"https:\/\/www.quieryavenir.fr\/blog\/wp-json\/wp\/v2\/media?parent=16515"}],"wp:term":[{"taxonomy":"category","embeddable":true,"href":"https:\/\/www.quieryavenir.fr\/blog\/wp-json\/wp\/v2\/categories?post=16515"},{"taxonomy":"post_tag","embeddable":true,"href":"https:\/\/www.quieryavenir.fr\/blog\/wp-json\/wp\/v2\/tags?post=16515"}],"curies":[{"name":"wp","href":"https:\/\/api.w.org\/{rel}","templated":true}]}}