{"id":16520,"date":"2026-05-03T02:05:48","date_gmt":"2026-05-03T00:05:48","guid":{"rendered":"https:\/\/www.quieryavenir.fr\/blog\/?p=16520"},"modified":"2026-04-28T07:07:11","modified_gmt":"2026-04-28T05:07:11","slug":"resilience","status":"publish","type":"post","link":"https:\/\/www.quieryavenir.fr\/blog\/2026\/05\/03\/resilience\/","title":{"rendered":"R\u00e9silience"},"content":{"rendered":"<p style=\"text-align: justify;\"><img loading=\"lazy\" decoding=\"async\" class=\"wp-image-16502 aligncenter\" src=\"https:\/\/www.quieryavenir.fr\/blog\/wp-content\/uploads\/2026\/04\/Urtikan-260314-3-1-300x216.jpg\" alt=\"\" width=\"435\" height=\"313\" srcset=\"https:\/\/www.quieryavenir.fr\/blog\/wp-content\/uploads\/2026\/04\/Urtikan-260314-3-1-300x216.jpg 300w, https:\/\/www.quieryavenir.fr\/blog\/wp-content\/uploads\/2026\/04\/Urtikan-260314-3-1.jpg 567w\" sizes=\"auto, (max-width: 435px) 100vw, 435px\" \/><\/p>\n<h1 style=\"text-align: justify;\"><span style=\"font-family: Times New Roman, serif;\"><span style=\"font-size: medium;\"><strong>Ceux \u00e9lev\u00e9s dans les ann\u00e9es 60 et 70 ont une r\u00e9silience aujourd\u2019hui presque disparue selon certaines recherches<\/strong> <\/span><\/span><\/h1>\n<p><!--more--><\/p>\n<p style=\"text-align: justify;\"><span style=\"font-family: Times New Roman, serif;\"><span style=\"font-size: medium;\">Aujourd\u2019hui, de nombreux sp\u00e9cialistes s\u2019interrogent sur l\u2019\u00e9volution des capacit\u00e9s d\u2019adaptation des jeunes g\u00e9n\u00e9rations par rapport aux enfants \u00e9lev\u00e9s dans les ann\u00e9es 60 et 70. Le monde a profond\u00e9ment chang\u00e9 en quelques d\u00e9cennies, transformant les conditions dans lesquelles les enfants grandissent. Entre progr\u00e8s technologique, un plus grand confort mat\u00e9riel et syst\u00e8mes de protection sociale plus d\u00e9velopp\u00e9s, l\u2019environnement est devenu globalement plus s\u00e9curisant. Pourtant, cette s\u00e9curit\u00e9 nouvelle suscite aussi des inqui\u00e9tudes. Certains chercheurs estiment qu\u2019elle pourrait avoir un impact inattendu sur le d\u00e9veloppement psychologique. En particulier, la question de la r\u00e9silience revient r\u00e9guli\u00e8rement dans les d\u00e9bats contemporains.<\/span><\/span><\/p>\n<p style=\"text-align: justify;\"><span style=\"font-family: Times New Roman, serif;\"><span style=\"font-size: medium;\"><b>Ceux \u00e9lev\u00e9s dans les ann\u00e9es 60 et 70 ont grandi sans v\u00e9ritables protections sociales et sans omnipr\u00e9sence des \u00e9crans.<\/b><\/span><\/span><\/p>\n<p style=\"text-align: justify;\"><span style=\"font-family: Times New Roman, serif;\"><span style=\"font-size: medium;\">Et en sont souvent ressortis avec une solidit\u00e9 mentale particuli\u00e8re. Les psychologues s\u2019inqui\u00e8tent aujourd\u2019hui d\u2019un possible affaiblissement de cette forme de r\u00e9silience. Une tension est apparue en psychologie du d\u00e9veloppement : les enfants ayant grandi dans un contexte d\u2019incertitude \u00e9conomique et de transformations sociales marqu\u00e9es, notamment entre les ann\u00e9es 1950 et 1970, semblent avoir d\u00e9velopp\u00e9 des capacit\u00e9s d\u2019adaptation moins fr\u00e9quentes chez les jeunes actuels.<\/span><\/span><\/p>\n<p style=\"text-align: justify;\"><span style=\"font-family: Times New Roman, serif;\"><span style=\"font-size: medium;\">Selon <\/span><\/span><span style=\"color: #0563c1;\"><u><a href=\"https:\/\/pmc.ncbi.nlm.nih.gov\/articles\/PMC3760332\/\" target=\"_blank\" rel=\"noopener\"><span style=\"font-family: Times New Roman, serif;\"><span style=\"font-size: medium;\">certaines analyses issues d\u2019\u00e9tudes longitudinales<\/span><\/span><\/a><\/u><\/span><span style=\"font-family: Times New Roman, serif;\"><span style=\"font-size: medium;\"> sur les parcours de vie, le fait d\u2019avoir \u00e9t\u00e9 confront\u00e9 t\u00f4t \u00e0 des difficult\u00e9s mat\u00e9rielles ou \u00e0 des instabilit\u00e9s familiales aurait contribu\u00e9 \u00e0 forger des m\u00e9canismes d\u2019adaptation durables. \u00c0 l\u2019inverse, les dispositifs de protection sociale modernes et le confort li\u00e9 aux technologies num\u00e9riques pourraient, sans le vouloir, r\u00e9duire certaines occasions d\u2019apprentissage face \u00e0 l\u2019adversit\u00e9.<\/span><\/span><\/p>\n<p style=\"text-align: justify;\"><span style=\"color: #0563c1;\"><u><a href=\"https:\/\/ihd.berkeley.edu\/research-centers\/inter-generational-studies\" target=\"_blank\" rel=\"noopener\"><span style=\"font-family: Times New Roman, serif;\"><span style=\"font-size: medium;\">Des recherches men\u00e9es \u00e0 partir d\u2019archives universitaire<\/span><\/span><\/a><\/u><\/span><span style=\"font-family: Times New Roman, serif;\"><span style=\"font-size: medium;\">s, notamment sur plusieurs g\u00e9n\u00e9rations suivies sur le long terme, mettent en \u00e9vidence un ph\u00e9nom\u00e8ne surprenant. Les individus ayant grandi dans des contextes \u00e9conomiques difficiles au milieu du XXe si\u00e8cle pr\u00e9sentaient souvent, \u00e0 l\u2019\u00e2ge adulte, une meilleure confiance en eux et une trajectoire professionnelle plus stable que ceux issus de milieux plus favoris\u00e9s. Cette dynamique aurait ensuite influenc\u00e9 les valeurs \u00e9ducatives transmises aux g\u00e9n\u00e9rations suivantes, contribuant \u00e0 mettre en place une culture de l\u2019adaptabilit\u00e9 et de la d\u00e9brouillardise.<\/span><\/span><\/p>\n<p style=\"text-align: justify;\"><span style=\"font-family: Times New Roman, serif;\"><span style=\"font-size: medium;\"><b>Le m\u00e9canisme d\u2019adaptation face \u00e0 l\u2019adversit\u00e9 des gens \u00e9lev\u00e9s dans les ann\u00e9es 60 et 70<\/b><\/span><\/span><\/p>\n<p style=\"text-align: justify;\"><span style=\"font-family: Times New Roman, serif;\"><span style=\"font-size: medium;\">La r\u00e9silience psychologique observ\u00e9e chez ceux ayant \u00e9t\u00e9 \u00e9lev\u00e9s dans les ann\u00e9es 60 et 70 n\u2019est pas le fruit de la nostalgie, mais bien la cons\u00e9quence de pressions environnementales sp\u00e9cifiques. Les <\/span><\/span><span style=\"color: #0563c1;\"><u><a href=\"https:\/\/elder.web.unc.edu\/wp-content\/uploads\/sites\/547\/2014\/09\/Longitudinal-Studies-and-the-Life-Course-the-1960s-and-1970s.pdf\" target=\"_blank\" rel=\"noopener\"><span style=\"font-family: Times New Roman, serif;\"><span style=\"font-size: medium;\">donn\u00e9es longitudinales de l\u2019\u00e9tude sur la croissance d\u2019Oakland et de l\u2019\u00e9tude sur l\u2019orientation<\/span><\/span><\/a><\/u><\/span><span style=\"font-family: Times New Roman, serif;\"><span style=\"font-size: medium;\"> de Berkeley montrent que, durant les p\u00e9riodes difficiles, les familles fonctionnaient selon un mod\u00e8le \u00e9conomique flexible. <\/span><\/span><\/p>\n<p style=\"text-align: justify;\"><span style=\"font-family: Times New Roman, serif;\"><span style=\"font-size: medium;\">Lorsque les ressources des m\u00e9nages diminuaient, les enfants et les m\u00e8res entraient sur le march\u00e9 du travail. Les r\u00f4les \u00e9voluaient et les adolescents \u00e9taient confront\u00e9s tr\u00e8s t\u00f4t \u00e0 la r\u00e9solution de probl\u00e8mes et \u00e0 la prise de responsabilit\u00e9s.<\/span><\/span><\/p>\n<p style=\"text-align: justify;\"><span style=\"font-family: Times New Roman, serif;\"><span style=\"font-size: medium;\"><b>Cette dynamique favorisait le d\u00e9veloppement des fonctions ex\u00e9cutives.<\/b><\/span><\/span><\/p>\n<p style=\"text-align: justify;\"><span style=\"font-family: Times New Roman, serif;\"><span style=\"font-size: medium;\">Et aussi de la r\u00e9gulation \u00e9motionnelle dans des situations concr\u00e8tes, plut\u00f4t que dans des cadres extrascolaires structur\u00e9s. Le sociologue Glen H. Elder Jr., qui a pass\u00e9 des d\u00e9cennies \u00e0 <\/span><\/span><span style=\"color: #0563c1;\"><u><a href=\"https:\/\/elder.web.unc.edu\/wp-content\/uploads\/sites\/547\/2014\/09\/Longitudinal-Studies-and-the-Life-Course-the-1960s-and-1970s.pdf\" target=\"_blank\" rel=\"noopener\"><span style=\"font-family: Times New Roman, serif;\"><span style=\"font-size: medium;\">analyser ces parcours de vie \u00e0 l\u2019Universit\u00e9 de Caroline du Nord \u00e0 Chapel Hill<\/span><\/span><\/a><\/u><\/span><span style=\"font-family: Times New Roman, serif;\"><span style=\"font-size: medium;\">, a constat\u00e9 que les gar\u00e7ons issus de familles d\u00e9favoris\u00e9es de la g\u00e9n\u00e9ration des ann\u00e9es 1920, ayant int\u00e9gr\u00e9 t\u00f4t l\u2019arm\u00e9e ou le march\u00e9 du travail, enregistraient les gains les plus importants en mati\u00e8re de confiance en soi \u00e0 l\u2019\u00e2ge de 40 ans. <\/span><\/span><\/p>\n<p style=\"text-align: justify;\"><span style=\"font-family: Times New Roman, serif;\"><span style=\"font-size: medium;\">La g\u00e9n\u00e9ration suivante, arriv\u00e9e \u00e0 l\u2019\u00e2ge adulte dans les ann\u00e9es 1960 et 1970, a h\u00e9rit\u00e9 de ce sto\u00efcisme parental. Tout en devant faire face \u00e0 de nouveaux facteurs de stress : la hausse des taux de divorce, la stagflation \u00e9conomique et une \u00e9volution culturelle vers l\u2019individualisme.<\/span><\/span><\/p>\n<p style=\"text-align: justify;\"><span style=\"font-family: Times New Roman, serif;\"><span style=\"font-size: medium;\">Contrairement au paysage num\u00e9rique actuel, largement influenc\u00e9 par des algorithmes, les al\u00e9as de la vie quotidienne \u00e9taient in\u00e9vitables \u00e0 cette \u00e9poque. L\u2019ennui, la gratification diff\u00e9r\u00e9e et l\u2019absence de validation imm\u00e9diate obligeaient les jeunes \u00e0 d\u00e9velopper une forme d\u2019autor\u00e9gulation. <\/span><\/span><\/p>\n<p style=\"text-align: justify;\"><span style=\"font-family: Times New Roman, serif;\"><span style=\"font-size: medium;\">Les recherches en psychologie sugg\u00e8rent que cette exposition r\u00e9guli\u00e8re \u00e0 l\u2019incertitude agissait comme un v\u00e9ritable levier de d\u00e9veloppement psychologique. Les <\/span><\/span><span style=\"color: #0563c1;\"><u><a href=\"https:\/\/doi.org\/10.1111\/j.1939-0025.1987.tb03541.x\" target=\"_blank\" rel=\"noopener\"><span style=\"font-family: Times New Roman, serif;\"><span style=\"font-size: medium;\">recherches Michael Rutter<\/span><\/span><\/a><\/u><\/span><span style=\"font-family: Times New Roman, serif;\"><span style=\"font-size: medium;\"> et <\/span><\/span><span style=\"color: #0563c1;\"><u><a href=\"https:\/\/doi.org\/10.1037\/0003-066X.56.3.227\" target=\"_blank\" rel=\"noopener\"><span style=\"font-family: Times New Roman, serif;\"><span style=\"font-size: medium;\">Ann S. Masten soutiennent bien l\u2019id\u00e9e<\/span><\/span><\/a><\/u><\/span><span style=\"font-family: Times New Roman, serif;\"><span style=\"font-size: medium;\"> que l\u2019exposition \u00e0 l\u2019incertitude ou aux difficult\u00e9s peut jouer un r\u00f4le de \u201clevier\u201d dans le d\u00e9veloppement psychologique, mais elles insistent aussi sur le fait que cela d\u00e9pend du niveau et du type de stress (ni trop faible, ni trop intense).<\/span><\/span><\/p>\n<p style=\"text-align: justify;\"><span style=\"font-family: Times New Roman, serif;\"><span style=\"font-size: medium;\"><b>\u00c9rosion de la r\u00e9silience dans un environnement \u00e0 haut confort<\/b><\/span><\/span><\/p>\n<p style=\"text-align: justify;\"><span style=\"font-family: Times New Roman, serif;\"><span style=\"font-size: medium;\">La psychologie contemporaine avance que la quasi-disparition de ce type sp\u00e9cifique de r\u00e9silience d\u00e9coule d\u2019un changement de mentalit\u00e9 au sein de la soci\u00e9t\u00e9, qui privil\u00e9gie davantage l\u2019aversion au risque et la recherche de facilit\u00e9. Dans les ann\u00e9es 1960 et 1970, une \u00e9ducation parentale plus permissive \u00e9tait fr\u00e9quente et l\u2019\u00e9chec \u00e9tait per\u00e7u comme une exp\u00e9rience personnelle et formatrice.<\/span><\/span><\/p>\n<p style=\"text-align: justify;\"><span style=\"font-family: Times New Roman, serif;\"><span style=\"font-size: medium;\">Aujourd\u2019hui, les jeunes adultes sont plus susceptibles de ressentir de l\u2019anxi\u00e9t\u00e9 anticipatoire face \u00e0 des probl\u00e8mes difficiles ou \u00e0 des critiques constructives. L\u2019absence d\u2019efforts concrets dans un monde domin\u00e9 par les services \u00e0 la demande et les contenus soigneusement s\u00e9lectionn\u00e9s a contribu\u00e9 \u00e0 un moindre d\u00e9veloppement des m\u00e9canismes associ\u00e9s \u00e0 la pers\u00e9v\u00e9rance. <\/span><\/span><\/p>\n<p style=\"text-align: justify;\"><span style=\"font-family: Times New Roman, serif;\"><span style=\"font-size: medium;\"><b>En comparaison avec ceux qui devaient s\u2019orienter avec une carte papier ou r\u00e9parer un appareil \u00e9lectrom\u00e9nager sans tutoriel vid\u00e9o.<\/b><\/span><\/span><\/p>\n<p style=\"text-align: justify;\"><span style=\"font-family: Times New Roman, serif;\"><span style=\"font-size: medium;\">Les <\/span><\/span><span style=\"color: #0563c1;\"><u><a href=\"https:\/\/academic.oup.com\/chidev\/article\/69\/1\/1\/8284484\" target=\"_blank\" rel=\"noopener\"><span style=\"font-family: Times New Roman, serif;\"><span style=\"font-size: medium;\">donn\u00e9es issues des recherches <\/span><\/span><\/a><\/u><\/span><span style=\"font-family: Times New Roman, serif;\"><span style=\"font-size: medium;\">sur le <\/span><\/span><span style=\"color: #0563c1;\"><u><a href=\"https:\/\/www.researchgate.net\/publication\/373260574_Life_Course_Perspective?utm_source=chatgpt.com\" target=\"_blank\" rel=\"noopener\"><span style=\"font-family: Times New Roman, serif;\"><span style=\"font-size: medium;\">parcours de vie men\u00e9es par l\u2019Universit\u00e9 de Caroline du Nord<\/span><\/span><\/a><\/u><\/span><span style=\"font-family: Times New Roman, serif;\"><span style=\"font-size: medium;\"> soulignent que la r\u00e9silience n\u2019est pas une caract\u00e9ristique inn\u00e9e. Mais un processus r\u00e9sultant de l\u2019interaction entre l\u2019action individuelle et le contexte historique. Les ann\u00e9es 1960 et 1970 ont constitu\u00e9 une p\u00e9riode particuli\u00e8re. Marqu\u00e9e \u00e0 la fois par le souvenir des sacrifices de la Grande D\u00e9pression et par les revendications de libert\u00e9 port\u00e9es par les mouvements pour les droits civiques et contre la guerre.<\/span><\/span><\/p>\n<p style=\"text-align: justify;\"><span style=\"font-family: Times New Roman, serif;\"><span style=\"font-size: medium;\">Cette combinaison de prudence \u00e9conomique et de remise en question sociale exigeait une flexibilit\u00e9 cognitive difficile \u00e0 reproduire dans un contexte contemporain pourtant plus s\u00e9curis\u00e9 sur le plan mat\u00e9riel. <\/span><\/span><\/p>\n<p style=\"text-align: justify;\"><span style=\"font-family: Times New Roman, serif;\"><span style=\"font-size: medium;\">Les recherches indiquent que, si les jeunes d\u2019aujourd\u2019hui font preuve d\u2019une plus grande conscience \u00e9motionnelle. Ils pr\u00e9sentent souvent une tol\u00e9rance au stress plus faible face \u00e0 des obstacles logistiques ou syst\u00e9miques.<\/span><\/span><\/p>\n<p style=\"text-align: justify;\"><span style=\"font-family: Times New Roman, serif;\"><span style=\"font-size: medium;\"><b>Le r\u00f4le du d\u00e9veloppement social non structur\u00e9 de gens \u00e9lev\u00e9s dans les ann\u00e9es 60 et 70<\/b><\/span><\/span><\/p>\n<p style=\"text-align: justify;\"><span style=\"font-family: Times New Roman, serif;\"><span style=\"font-size: medium;\">Un autre facteur important identifi\u00e9 dans la psychologie des gens \u00e9lev\u00e9s dans les ann\u00e9es 60 et 70 \u00e9tait le caract\u00e8re organique des liens sociaux. Les groupes de camardes se formaient et r\u00e9glaient leurs conflits sans m\u00e9diation d\u2019adultes ni trace num\u00e9rique. Cette pratique r\u00e9guli\u00e8re de la n\u00e9gociation et de la gestion de la r\u00e9putation contribuait \u00e0 forger une forme de solidit\u00e9 relationnelle.<\/span><\/span><\/p>\n<p style=\"text-align: justify;\"><span style=\"font-family: Times New Roman, serif;\"><span style=\"font-size: medium;\">L\u2019environnement actuel, fortement m\u00e9diatis\u00e9 par les \u00e9crans et les interactions organis\u00e9es, offre moins d\u2019occasions aux enfants de se confronter directement aux dynamiques complexes des hi\u00e9rarchies sociales et de l\u2019exclusion en face \u00e0 face. Les psychologues constatent que cela a favoris\u00e9 l\u2019\u00e9mergence d\u2019une g\u00e9n\u00e9ration plus connect\u00e9e. Mais paradoxalement plus isol\u00e9e et parfois moins \u00e0 l\u2019aise pour g\u00e9rer les conflits interpersonnels sans stress intense.<\/span><\/span><\/p>\n<p style=\"text-align: justify;\"><span style=\"font-family: Times New Roman, serif;\"><span style=\"font-size: medium;\">Les conflits entre copains, sans m\u00e9diation, permettaient d\u2019acqu\u00e9rir des comp\u00e9tences de n\u00e9gociation que les environnements actuels, davantage encadr\u00e9s et num\u00e9ris\u00e9s, proposent plus rarement.<\/span><\/span><\/p>\n<p style=\"text-align: justify;\"><span style=\"font-family: Times New Roman, serif;\"><span style=\"font-size: medium;\">Bien que le terme de r\u00e9silience soit souvent utilis\u00e9 de mani\u00e8re impr\u00e9cise. La forme sp\u00e9cifique d\u00e9velopp\u00e9e au milieu du XXe si\u00e8cle peut \u00eatre observ\u00e9e \u00e0 travers l\u2019analyse des comportements sur plusieurs d\u00e9cennies. <\/span><\/span><\/p>\n<p style=\"text-align: justify;\"><span style=\"font-family: Times New Roman, serif;\"><span style=\"font-size: medium;\">Les participants aux \u00e9tudes de Berkeley et d\u2019Oakland, issus de milieux modestes dans les ann\u00e9es 1960, ont connu une mobilit\u00e9 sociale ascendante et une stabilit\u00e9 conjugale sup\u00e9rieures \u00e0 ce que laissaient pr\u00e9voir les donn\u00e9es de leur enfance. Ce r\u00e9sultat ne s\u2019explique pas par une vie plus facile, mais par l\u2019absence d\u2019un mod\u00e8le de parcours lin\u00e9aire et s\u00e9curis\u00e9. L\u2019adaptation permanente au changement constituait alors une norme.<\/span><\/span><\/p>\n<p style=\"text-align: justify;\"><span style=\"font-family: Times New Roman, serif;\"><span style=\"font-size: medium;\">Aujourd\u2019hui, de nombreux jeunes \u00e9voluent avec un mod\u00e8le de r\u00e9ussite plus balis\u00e9 qui, lorsqu\u2019il est remis en cause, peut entra\u00eener un sentiment de d\u00e9sorientation plus marqu\u00e9 que chez les adultes des ann\u00e9es 1970, souvent mieux pr\u00e9par\u00e9s \u00e0 l\u2019impr\u00e9visibilit\u00e9.<\/span><\/span><\/p>\n<p style=\"text-align: justify;\"><span style=\"font-family: Times New Roman, serif;\"><span style=\"font-size: medium;\"><b>Transmission culturelle interrompue<\/b><\/span><\/span><\/p>\n<p style=\"text-align: justify;\"><span style=\"font-family: Times New Roman, serif;\"><span style=\"font-size: medium;\">Une question se pose alors : pourquoi cette capacit\u00e9 d\u2019adaptation n\u2019a-t-elle pas \u00e9t\u00e9 pleinement transmise aux enfants des g\u00e9n\u00e9rations suivantes ? <\/span><\/span><\/p>\n<p style=\"text-align: justify;\"><span style=\"font-family: Times New Roman, serif;\"><span style=\"font-size: medium;\">La r\u00e9ponse tient en partie \u00e0 l\u2019\u00e9volution, souvent bien intentionn\u00e9e, des pratiques parentales. Ayant eux-m\u00eames connu l\u2019incertitude \u00e9conomique et une certaine distance affective, de nombreux seniors et membres plus \u00e2g\u00e9s ont cherch\u00e9 \u00e0 offrir \u00e0 leurs enfants une s\u00e9curit\u00e9 mat\u00e9rielle et \u00e9motionnelle plus importante.<\/span><\/span><\/p>\n<p style=\"text-align: justify;\"><span style=\"font-family: Times New Roman, serif;\"><span style=\"font-size: medium;\">Cet instinct de protection, combin\u00e9 \u00e0 l\u2019essor d\u2019Internet, a contribu\u00e9 \u00e0 pr\u00e9server les g\u00e9n\u00e9rations suivantes d\u2019une partie des difficult\u00e9s qui avaient particip\u00e9 \u00e0 forger la r\u00e9silience de leurs parents.<\/span><\/span><\/p>\n<p style=\"text-align: justify;\"><span style=\"font-family: Times New Roman, serif;\"><span style=\"font-size: medium;\">Les r\u00e9sultats issus de l\u2019analyse continue de ces archives longitudinales indiquent que la r\u00e9silience est une ressource qui peut se d\u00e9velopper, mais qu\u2019elle n\u2019est pas automatique. <\/span><\/span><\/p>\n<p style=\"text-align: justify;\"><span style=\"font-family: Times New Roman, serif;\"><span style=\"font-size: medium;\">Les adultes ayant \u00e9t\u00e9 \u00e9lev\u00e9s dans les ann\u00e9es 1960 et 1970 n\u2019\u00e9taient pas intrins\u00e8quement plus solides. Ils ont \u00e9t\u00e9 \u00e9lev\u00e9s dans un contexte qui exigeait une capacit\u00e9 d\u2019adaptation \u00e9lev\u00e9e comme condition n\u00e9cessaire \u00e0 une bonne vie.<\/span><\/span><\/p>\n<p style=\"text-align: justify;\"><span style=\"font-family: Times New Roman, serif;\"><span style=\"font-size: medium;\">sain-et-naturel.ouest-france.fr<\/span><\/span><\/p>\n","protected":false},"excerpt":{"rendered":"<p>Ceux \u00e9lev\u00e9s dans les ann\u00e9es 60 et 70 ont une r\u00e9silience aujourd\u2019hui presque disparue selon certaines recherches<\/p>\n","protected":false},"author":2,"featured_media":0,"comment_status":"closed","ping_status":"closed","sticky":false,"template":"","format":"standard","meta":{"footnotes":""},"categories":[1],"tags":[],"class_list":["post-16520","post","type-post","status-publish","format-standard","hentry","category-non-classe"],"_links":{"self":[{"href":"https:\/\/www.quieryavenir.fr\/blog\/wp-json\/wp\/v2\/posts\/16520","targetHints":{"allow":["GET"]}}],"collection":[{"href":"https:\/\/www.quieryavenir.fr\/blog\/wp-json\/wp\/v2\/posts"}],"about":[{"href":"https:\/\/www.quieryavenir.fr\/blog\/wp-json\/wp\/v2\/types\/post"}],"author":[{"embeddable":true,"href":"https:\/\/www.quieryavenir.fr\/blog\/wp-json\/wp\/v2\/users\/2"}],"replies":[{"embeddable":true,"href":"https:\/\/www.quieryavenir.fr\/blog\/wp-json\/wp\/v2\/comments?post=16520"}],"version-history":[{"count":1,"href":"https:\/\/www.quieryavenir.fr\/blog\/wp-json\/wp\/v2\/posts\/16520\/revisions"}],"predecessor-version":[{"id":16521,"href":"https:\/\/www.quieryavenir.fr\/blog\/wp-json\/wp\/v2\/posts\/16520\/revisions\/16521"}],"wp:attachment":[{"href":"https:\/\/www.quieryavenir.fr\/blog\/wp-json\/wp\/v2\/media?parent=16520"}],"wp:term":[{"taxonomy":"category","embeddable":true,"href":"https:\/\/www.quieryavenir.fr\/blog\/wp-json\/wp\/v2\/categories?post=16520"},{"taxonomy":"post_tag","embeddable":true,"href":"https:\/\/www.quieryavenir.fr\/blog\/wp-json\/wp\/v2\/tags?post=16520"}],"curies":[{"name":"wp","href":"https:\/\/api.w.org\/{rel}","templated":true}]}}