{"id":16806,"date":"2026-08-31T02:41:28","date_gmt":"2026-08-31T00:41:28","guid":{"rendered":"https:\/\/www.quieryavenir.fr\/blog\/?p=16806"},"modified":"2026-08-30T06:42:34","modified_gmt":"2026-08-30T04:42:34","slug":"secheresse-et-temperatures-inedites-en-juillet","status":"publish","type":"post","link":"https:\/\/www.quieryavenir.fr\/blog\/2026\/08\/31\/secheresse-et-temperatures-inedites-en-juillet\/","title":{"rendered":"S\u00e9cheresse et temp\u00e9ratures in\u00e9dites en juillet"},"content":{"rendered":"<p style=\"text-align: justify;\"><img loading=\"lazy\" decoding=\"async\" class=\"wp-image-16799 aligncenter\" src=\"https:\/\/www.quieryavenir.fr\/blog\/wp-content\/uploads\/2026\/08\/Antenne-260827-300x207.jpg\" alt=\"\" width=\"387\" height=\"267\" srcset=\"https:\/\/www.quieryavenir.fr\/blog\/wp-content\/uploads\/2026\/08\/Antenne-260827-300x207.jpg 300w, https:\/\/www.quieryavenir.fr\/blog\/wp-content\/uploads\/2026\/08\/Antenne-260827.jpg 726w\" sizes=\"auto, (max-width: 387px) 100vw, 387px\" \/><\/p>\n<h1 style=\"text-align: justify;\"><b>La question de l\u2019eau devient absolument critique <\/b><\/h1>\n<p><!--more--><\/p>\n<p style=\"text-align: justify;\">Avec une temp\u00e9rature moyenne de 24,9\u00a0\u00b0C sur l\u2019ensemble du territoire, juillet\u00a02026\u00a0est le mois le plus chaud jamais enregistr\u00e9 en France hexagonale depuis le d\u00e9but des mesures \u00e0 l\u2019entame du XX\u1d49\u00a0si\u00e8cle. Une situation qui s\u2019accompagne d\u2019un niveau de s\u00e9cheresse des sols \u00e9galement exceptionnel, alerte M\u00e9t\u00e9o-France.<\/p>\n<p style=\"text-align: justify;\">Plus de 90\u00a0000\u00a0hectares de for\u00eat et de v\u00e9g\u00e9tation br\u00fbl\u00e9s depuis le d\u00e9but du printemps, des milliers de kilom\u00e8tres de rivi\u00e8res \u00e0 sec, des cultures qui grillent dans les champs, des centrales nucl\u00e9aires \u00e0 l\u2019arr\u00eat faute de d\u00e9bit dans les fleuves, des communes ravitaill\u00e9es en eau potable par camions-citernes<span style=\"color: #0000ff;\">\u2026<\/span> Aussi spectaculaire qu\u2019il paraisse, l\u2019\u00e9t\u00e9 2026 n\u2019est pas un accident.<\/p>\n<p style=\"text-align: justify;\">Comme les climatologues l\u2019annoncent depuis des d\u00e9cennies, l\u2019exceptionnel est en train de devenir la norme\u00a0: selon le bilan climatique publi\u00e9 mardi 4\u00a0ao\u00fbt par M\u00e9t\u00e9o-France, le mois de juillet \u00e9coul\u00e9 a \u00e9t\u00e9 historiquement chaud et sec, et s\u2019inscrit dans la continuit\u00e9 d\u2019un mois de juin lui-m\u00eame historique. Il s\u2019ins\u00e8re surtout dans une r\u00e9currence d\u2019\u00e9t\u00e9s eux aussi secs et caniculaires observ\u00e9s ces derni\u00e8res ann\u00e9es en France et en Europe, sous l\u2019effet du r\u00e9chauffement.<\/p>\n<p style=\"text-align: justify;\">\u00a0Avec une temp\u00e9rature moyenne de 24,9\u00a0\u00b0C sur l\u2019ensemble du territoire, juillet\u00a02026\u00a0est ainsi le mois le plus chaud jamais enregistr\u00e9 en France hexagonale depuis le d\u00e9but des mesures au commencement du XXe\u00a0si\u00e8cle. Il devance les mois d\u2019ao\u00fbt\u00a02003 (24,8\u00a0\u00b0C) et de juillet\u00a02006 (24,4\u00a0\u00b0C). Il est aussi le troisi\u00e8me mois de juillet le moins arros\u00e9 depuis le d\u00e9but des mesures pluviom\u00e9triques syst\u00e9matiques en\u00a01959 \u2013 avec un d\u00e9ficit de 70\u00a0% \u2013, apr\u00e8s juillet\u00a02022 (\u2013\u00a085\u00a0%) et juillet\u00a02020 (\u2013\u00a075\u00a0%). Enfin, les conditions d\u2019ensoleillement ont elles aussi \u00e9t\u00e9 exceptionnelles, avec un exc\u00e9dent de 35\u00a0% \u2013 seul juillet\u00a02022\u00a0avait affich\u00e9 un exc\u00e9dent sup\u00e9rieur, estim\u00e9 \u00e0 40\u00a0%.<\/p>\n<p style=\"text-align: justify;\">Ces conditions de chaleur extr\u00eame, de d\u00e9ficit de pluies et d\u2019ensoleillement accru ont induit un niveau de s\u00e9cheresse des sols record, maintenant ainsi <em>\u00ab\u00a0un risque important de feux de v\u00e9g\u00e9tation tout au long du mois de juillet\u00a0\u00bb<\/em>, comme l\u2019explique M\u00e9t\u00e9o-France dans son bilan.<em> \u00ab\u00a0Ce mois de juillet exceptionnel s\u2019inscrit dans la continuit\u00e9 de mois d\u2019\u00e9t\u00e9 bien plus chauds que la moyenne climatologique, bas\u00e9e par convention sur la p\u00e9riode\u00a01991-2020\u00a0\u00bb<\/em>, dit Lauriane Batt\u00e9, responsable du d\u00e9partement analyse climatique et pr\u00e9vision saisonni\u00e8re \u00e0 M\u00e9t\u00e9o-France.<\/p>\n<p style=\"text-align: justify;\"><b>Des cours d\u2019eau en souffrance<\/b><\/p>\n<p style=\"text-align: justify;\">L\u2019anomalie de temp\u00e9rature moyenne relev\u00e9e en juillet\u00a02026 \u2013 c\u2019est-\u00e0-dire l\u2019\u00e9cart par rapport \u00e0 la moyenne de la p\u00e9riode\u00a01991-2020 \u2013 affiche + 3,8\u00a0\u00b0C. L\u2019anomalie pour les temp\u00e9ratures maximales est, lui, de + 5,2\u00a0\u00b0C. <em>\u00ab\u00a0Il s\u2019agit d\u2019une anomalie d\u00e9j\u00e0 exceptionnelle, mais sur certains territoires les conditions ont \u00e9t\u00e9 plus marqu\u00e9es encore<\/em>, pr\u00e9cise Mme\u00a0Batt\u00e9. <em>Sur la fa\u00e7ade atlantique, et notamment en Bretagne m\u00e9ridionale, dans les Pays de la Loire ou encore en Aquitaine, l\u2019anomalie a pu atteindre + 7\u00a0\u00b0C.\u00a0\u00bb<\/em> Le mercure a grimp\u00e9 jusqu\u2019\u00e0 38\u00a0\u00b0C \u00e0 Lorient, par exemple.<\/p>\n<p style=\"text-align: justify;\">Les plus fortes chaleurs se sont concentr\u00e9es sur la canicule qui s\u2019est \u00e9tir\u00e9e du 4\u00a0au 19\u00a0juillet, la troisi\u00e8me de l\u2019ann\u00e9e. Celle-ci, rel\u00e8ve Mme\u00a0Batt\u00e9, est <em>\u00ab\u00a0l\u2019une des plus longues vagues de chaleur observ\u00e9e depuis le d\u00e9but des mesures, apr\u00e8s celles de juillet\u00a01983 et juillet\u00a02006, m\u00eame si elle s\u2019est av\u00e9r\u00e9e moins s\u00e9v\u00e8re que celle de la fin mai-d\u00e9but juin\u00a0\u00bb<\/em>.<\/p>\n<p style=\"text-align: justify;\">La pluie, elle, est demeur\u00e9e absente ou presque au nord de la Seine tout au long du mois, ainsi qu\u2019en Occitanie. Il est tomb\u00e9 moins d\u2019un millim\u00e8tre d\u2019eau en trente jours au Luc (Var), \u00e0 Cannes (Alpes-Maritimes), \u00e0 Ajaccio, mais aussi \u00e0 Amiens ou \u00e0 Perpignan, rel\u00e8ve M\u00e9t\u00e9o-France dans son bulletin.<\/p>\n<p style=\"text-align: justify;\">Combin\u00e9 aux fortes chaleurs, ce manque de pr\u00e9cipitations se traduit par une s\u00e9cheresse d\u2019ores et d\u00e9j\u00e0 historique. Les \u00e9pisodes caniculaires ont dop\u00e9 l\u2019\u00e9vapotranspiration des v\u00e9g\u00e9taux et l\u2019ass\u00e8chement des sols.\u00a0L\u2019indice d\u2019humidit\u00e9 des sols est si bas qu\u2019il atteint, avec deux semaines d\u2019avance, les records enregistr\u00e9s mi-ao\u00fbt lors de la s\u00e9cheresse de 2022.<\/p>\n<p style=\"text-align: justify;\">Les fleuves, rivi\u00e8res et ruisseaux sont eux aussi en souffrance. Le dernier bilan de l\u2019Office fran\u00e7ais de la biodiversit\u00e9, paru le 3\u00a0ao\u00fbt, fait \u00e9tat d\u2019une situation <em>\u00ab\u00a0critique\u00a0\u00bb<\/em> pour les petits cours d\u2019eau. Toutes les r\u00e9gions sont concern\u00e9es\u00a0: \u00e0 l\u2019\u00e9chelle fran\u00e7aise, 43\u00a0% des stations scrut\u00e9es par les agents de l\u2019\u00e9tablissement public subissaient des ruptures d\u2019\u00e9coulement ou des assecs \u2013 du jamais-vu pour une fin de juillet depuis la cr\u00e9ation de ce r\u00e9seau de suivi, en\u00a02012. Voies navigables de France l\u2019observe aussi sur ses 6\u00a0700\u00a0kilom\u00e8tres de r\u00e9seau fluvial. <em>\u00ab\u00a0Cette ann\u00e9e, l\u2019\u00e9tiage est exceptionnel\u00a0\u00bb<\/em>, souligne R\u00e9mi Suaire, chef de service eau et gestion hydraulique de l\u2019\u00e9tablissement public. Des arr\u00eats de navigation ont d\u00fb \u00eatre mis en place, entre autres mesures.<\/p>\n<p style=\"text-align: justify;\">Les r\u00e9serves appuyant les cours d\u2019eau sont tr\u00e8s sollicit\u00e9es. Quelque 30\u00a0millions de m\u00e8tres cubes ont par exemple d\u00fb \u00eatre d\u00e9stock\u00e9s depuis d\u00e9but juillet, notamment depuis les barrages hydro\u00e9lectriques des Pyr\u00e9n\u00e9es, pour \u00e9viter que la Garonne ne tarisse. C\u2019est <em>\u00ab\u00a0plus que le record de 2022\u00a0\u00bb<\/em>, indique l\u2019Etablissement public Garonne Gascogne et affluents pyr\u00e9n\u00e9ens, charg\u00e9 de ce soutien, dans son <a href=\"https:\/\/garonne.e-tiage.com\/iframe_garonne\/bulletin_quotidien\/png\/2026-08-04.png\">bulletin du 4\u00a0ao\u00fbt<\/a>.<\/p>\n<p style=\"text-align: justify;\"><b>Des nappes sous tension<\/b><\/p>\n<p style=\"text-align: justify;\">Si l\u2019\u00e9tat des eaux souterraines est plus contrast\u00e9, et varie selon les caract\u00e9ristiques hydrog\u00e9ologiques de chaque bassin, de nombreuses nappes sont elles aussi sous tension \u2013 au risque de ne plus pouvoir renflouer les rivi\u00e8res, ni satisfaire tous les pr\u00e9l\u00e8vements humains, importants eux aussi.<\/p>\n<p style=\"text-align: justify;\">La quasi-totalit\u00e9 de l\u2019Hexagone est soumise \u00e0 des restrictions des usages de l\u2019eau, prohibant par exemple l\u2019irrigation agricole. Au 4\u00a0ao\u00fbt, 65\u00a0d\u00e9partements \u00e9taient concern\u00e9s sur tout ou partie de leur superficie par des mesures de crise, deux fois plus qu\u2019au d\u00e9but de juillet. La s\u00e9cheresse est <em>\u00ab\u00a0exceptionnelle et in\u00e9dite\u00a0\u00bb<\/em>, justifie par exemple le pr\u00e9fet de l\u2019Allier, Christophe No\u00ebl du Payrat, dans un <a href=\"https:\/\/www.allier.gouv.fr\/contenu\/telechargement\/20744\/141093\/file\/CP_260731_secheresse.pdf\">communiqu\u00e9 du 31\u00a0juillet<\/a> annon\u00e7ant un renforcement des limitations pour <em>\u00ab\u00a0\u00e9viter les ruptures d\u2019alimentation en eau potable\u00a0\u00bb<\/em>.<\/p>\n<p style=\"text-align: justify;\">De plus en plus de r\u00e9seaux d\u2019eau sont en tension \u2013 certaines communes, comme en C\u00f4te-d\u2019Or, ont d\u00fb avoir recours \u00e0 des camions-citernes. <em>\u00ab\u00a0La question de l\u2019eau devient absolument critique. Il est important qu\u2019elle devienne un sujet politique permanent \u2013 pas uniquement un sujet de crise estivale<\/em>, plaide le climatologue Philippe Drobinski, directeur de recherche au CNRS, professeur \u00e0 l\u2019Ecole polytechnique et coauteur du prochain rapport du GIEC. <em>Elle est partout dans le moment que nous vivons\u00a0: dans la s\u00e9cheresse des sols, dans l\u2019acc\u00e8s \u00e0 l\u2019eau potable des populations, dans les besoins d\u2019irrigation et le refroidissement de certaines activit\u00e9s industrielles et \u00e9nerg\u00e9tiques, bien s\u00fbr dans la survie des \u00e9cosyst\u00e8mes, et m\u00eame dans les moyens qui sont utilis\u00e9s pour les incendies.\u00a0\u00bb<\/em><\/p>\n<p style=\"text-align: justify;\"><em>\u00ab\u00a0Ce qui se produit est globalement conforme \u00e0 ce qui est attendu des effets du r\u00e9chauffement, les mod\u00e8les indiquant une grande variabilit\u00e9 des pr\u00e9cipitations, parfois en exc\u00e8s et parfois en fort d\u00e9ficit<\/em>, explique Mme Batt\u00e9. <em>Les fortes pluies de cet hiver, notamment en f\u00e9vrier, qui avaient recharg\u00e9 les nappes et fortement augment\u00e9 l\u2019humidit\u00e9 des sols, n\u2019ont pas permis d\u2019\u00e9viter une situation de forte s\u00e9cheresse en juillet.\u00a0\u00bb <\/em>La r\u00e9currence des \u00e9pisodes caniculaires ne fait pas de doute. Depuis 2015, la France a connu, chaque \u00e9t\u00e9, au moins une vague de chaleur r\u00e9pondant aux crit\u00e8res standards. Une r\u00e9p\u00e9tition fortement d\u00e9l\u00e9t\u00e8re, qui produit des effets cumulatifs fragilisant les sols, la v\u00e9g\u00e9tation et les for\u00eats \u2013 notamment les plantations d\u2019arbres \u00e0 feuillage persistant.<\/p>\n<p style=\"text-align: justify;\">Cette r\u00e9currence, provoqu\u00e9e par des changements de la circulation atmosph\u00e9rique permettant plus fr\u00e9quemment des remont\u00e9es d\u2019air m\u00e9ridionales sur l\u2019Europe, n\u2019\u00e9tait pas compl\u00e8tement anticip\u00e9e par les chercheurs.<em> \u00ab\u00a0Au cours des soixante-dix\u00a0derni\u00e8res ann\u00e9es, les vagues de chaleur extr\u00eames ont augment\u00e9 de fa\u00e7on disproportionn\u00e9e en Europe occidentale par rapport aux simulations des mod\u00e8les climatiques, et ce d\u00e9calage reste mal compris\u00a0\u00bb<\/em>, relevaient une \u00e9quipe de chercheurs fran\u00e7ais et suisses en\u00a02023, dans une analyse coordonn\u00e9e par Robert Vautard (Institut Pierre-Simon-Laplace) et publi\u00e9e par la revue <em><a href=\"https:\/\/doi.org\/10.1038\/s41467-023-42143-3\">Nature Communications<\/a><\/em>. Les auteurs ont auscult\u00e9 plus d\u2019une centaine de simulations num\u00e9riques issues d\u2019une trentaine de mod\u00e8les distincts\u00a0: <em>\u00ab\u00a0Aucune<\/em> [d\u2019entre elles]<em> ne pr\u00e9sente une tendance \u00e0 la hausse des temp\u00e9ratures induite par la circulation aussi importante que celle que nous observons\u00a0\u00bb<\/em>, relevaient-ils.<\/p>\n<p style=\"text-align: justify;\">Lemonde<\/p>\n","protected":false},"excerpt":{"rendered":"<p>La question de l\u2019eau devient absolument critique<\/p>\n","protected":false},"author":2,"featured_media":0,"comment_status":"closed","ping_status":"closed","sticky":false,"template":"","format":"standard","meta":{"footnotes":""},"categories":[1],"tags":[],"class_list":["post-16806","post","type-post","status-publish","format-standard","hentry","category-non-classe"],"_links":{"self":[{"href":"https:\/\/www.quieryavenir.fr\/blog\/wp-json\/wp\/v2\/posts\/16806","targetHints":{"allow":["GET"]}}],"collection":[{"href":"https:\/\/www.quieryavenir.fr\/blog\/wp-json\/wp\/v2\/posts"}],"about":[{"href":"https:\/\/www.quieryavenir.fr\/blog\/wp-json\/wp\/v2\/types\/post"}],"author":[{"embeddable":true,"href":"https:\/\/www.quieryavenir.fr\/blog\/wp-json\/wp\/v2\/users\/2"}],"replies":[{"embeddable":true,"href":"https:\/\/www.quieryavenir.fr\/blog\/wp-json\/wp\/v2\/comments?post=16806"}],"version-history":[{"count":1,"href":"https:\/\/www.quieryavenir.fr\/blog\/wp-json\/wp\/v2\/posts\/16806\/revisions"}],"predecessor-version":[{"id":16807,"href":"https:\/\/www.quieryavenir.fr\/blog\/wp-json\/wp\/v2\/posts\/16806\/revisions\/16807"}],"wp:attachment":[{"href":"https:\/\/www.quieryavenir.fr\/blog\/wp-json\/wp\/v2\/media?parent=16806"}],"wp:term":[{"taxonomy":"category","embeddable":true,"href":"https:\/\/www.quieryavenir.fr\/blog\/wp-json\/wp\/v2\/categories?post=16806"},{"taxonomy":"post_tag","embeddable":true,"href":"https:\/\/www.quieryavenir.fr\/blog\/wp-json\/wp\/v2\/tags?post=16806"}],"curies":[{"name":"wp","href":"https:\/\/api.w.org\/{rel}","templated":true}]}}