{"id":16808,"date":"2026-09-01T02:44:36","date_gmt":"2026-09-01T00:44:36","guid":{"rendered":"https:\/\/www.quieryavenir.fr\/blog\/?p=16808"},"modified":"2026-08-30T06:46:19","modified_gmt":"2026-08-30T04:46:19","slug":"secours-islamique-france","status":"publish","type":"post","link":"https:\/\/www.quieryavenir.fr\/blog\/2026\/09\/01\/secours-islamique-france\/","title":{"rendered":"Secours islamique France"},"content":{"rendered":"<p><img loading=\"lazy\" decoding=\"async\" class=\"size-medium wp-image-16800 aligncenter\" src=\"https:\/\/www.quieryavenir.fr\/blog\/wp-content\/uploads\/2026\/08\/Assos-300x141.jpg\" alt=\"\" width=\"300\" height=\"141\" srcset=\"https:\/\/www.quieryavenir.fr\/blog\/wp-content\/uploads\/2026\/08\/Assos-300x141.jpg 300w, https:\/\/www.quieryavenir.fr\/blog\/wp-content\/uploads\/2026\/08\/Assos.jpg 441w\" sizes=\"auto, (max-width: 300px) 100vw, 300px\" \/><\/p>\n<h1 class=\"western\" style=\"text-align: justify;\"><a name=\"page-title\"><\/a> <span style=\"font-size: medium;\">Le d\u00e9sastreux impact du rapport \u00ab Fr\u00e8res musulmans \u00bb<\/span><\/h1>\n<p class=\"western\" style=\"text-align: justify;\"><!--more--><\/p>\n<p style=\"text-align: justify;\"><span style=\"font-size: medium;\">Mentionn\u00e9e dans le rapport qui a fait l\u2019objet d\u2019une instrumentalisation politique, l\u2019ONG fran\u00e7aise d\u2019aide humanitaire demande depuis un an un \u00ab\u00a0rectificatif\u00a0\u00bb du minist\u00e8re de l\u2019int\u00e9rieur, en vain. Elle a depuis perdu ses subventions dans trois d\u00e9partements, engendrant la mise \u00e0 la rue de dizaines de femmes pr\u00e9caires.<\/span><\/p>\n<p style=\"text-align: justify;\"><span style=\"font-size: medium;\"><a href=\"https:\/\/www.mediapart.fr\/biographie\/marie-turcan-0\">Marie Turcan<\/a> 9 ao\u00fbt 2026 \u00e0 18h51 <\/span><\/p>\n<p style=\"text-align: justify;\"><span style=\"font-size: medium;\"><b>MassyMassy (Essonne)<\/b>.\u2013 Derri\u00e8re les portes color\u00e9es, les chambres sont inoccup\u00e9es et les lits sont vides. <i>\u00ab\u00a0Il y avait beaucoup plus de vie, \u00e0 l\u2019\u00e9poque\u00a0\u00bb<\/i>, regrette L\u00e9o Andr\u00e9, responsable des dispositifs sociaux au Secours islamique France (SIF) en d\u00e9ambulant dans les couloirs d\u00e9serts du centre d\u2019accueil de Massy en mai. <i>\u00ab\u00a0Les femmes dormaient ici la nuit, restaient parfois la journ\u00e9e, nouaient des liens sociaux. D\u00e8s que l\u2019une trouvait du travail, tout le monde \u00e9tait content.\u00a0\u00bb<\/i><\/span><\/p>\n<p style=\"text-align: justify;\"><span style=\"font-size: medium;\">L\u2019organisation non gouvernementale (ONG) a d\u00fb fermer, en septembre\u00a02025, ce dispositif de mise \u00e0 l\u2019abri qui b\u00e9n\u00e9ficiait \u00e0 des dizaines de femmes isol\u00e9es \u2013\u00a0dont plusieurs enceintes\u00a0\u2013 apr\u00e8s avoir perdu l\u2019int\u00e9gralit\u00e9 de ses subventions \u00e9tatiques, soit pr\u00e8s de 500\u00a0000 euros. Ce centre situ\u00e9 \u00e0 quinze minutes \u00e0 pied de la gare TGV ne propose d\u00e9sormais plus que de l\u2019accueil de jour pour une soixantaine de personnes et un service de domiciliation\u00a0\u2013\u00a0permettant \u00e0 des personnes pr\u00e9caires ou exil\u00e9es d\u2019avoir une adresse et faciliter leur acc\u00e8s \u00e0 l\u2019emploi et la sant\u00e9.<\/span><\/p>\n<p style=\"text-align: justify;\"><span style=\"font-size: medium;\">La pr\u00e9fecture de l\u2019Essonne, qui n\u2019a pas r\u00e9pondu aux questions de <\/span><span style=\"font-size: medium;\"><i>Mediapart<\/i><\/span><span style=\"font-size: medium;\">, assurait en septembre \u00e0 <\/span><a href=\"https:\/\/www.la-croix.com\/societe\/l-etat-coupe-un-million-deuros-de-subvention-au-secours-islamique-20250909\"><span style=\"font-size: medium;\"><i>La Croix<\/i><\/span><\/a><span style=\"font-size: medium;\"> que les femmes qui \u00e9taient accueillies par le Secours islamique France n\u2019ont pas \u00e9t\u00e9 mises <\/span><span style=\"font-size: medium;\"><i>\u00ab\u00a0\u00e0 la rue\u00a0\u00bb<\/i><\/span><span style=\"font-size: medium;\">\u00a0et que <\/span><span style=\"font-size: medium;\"><i>\u00ab\u00a0leur prise en charge a \u00e9t\u00e9 assur\u00e9e \u00e0 hauteur du besoin, \u00e0 \u00c9tampes, Corbeil et \u00e0 l\u2019h\u00f4tel\u00a0\u00bb<\/i><\/span><span style=\"font-size: medium;\">. En r\u00e9alit\u00e9, certaines dorment souvent dehors.<\/span><\/p>\n<p style=\"text-align: justify;\"><span style=\"font-size: medium;\"><i>\u00ab\u00a0\u00c9tampes, c\u2019est tr\u00e8s loin. J\u2019appelle tous les jours, mais parfois pendant quatre, cinq jours, il n\u2019y a pas de place.<\/i><\/span> <span style=\"font-size: medium;\"><i>Et quand on vous appelle, c\u2019est pour une seule nuit\u00a0; le lendemain matin vous \u00eates dehors\u00a0\u00bb<\/i><\/span><span style=\"font-size: medium;\">, nous confie Amina* en juin\u00a02026. Cette trentenaire originaire d\u2019Afrique centrale a b\u00e9n\u00e9fici\u00e9, comme des dizaines d\u2019autres femmes pr\u00e9caires, souvent en situation irr\u00e9guli\u00e8re, d\u2019un accueil r\u00e9gulier au SIF. <\/span><span style=\"font-size: medium;\"><i>\u00ab\u00a0Quand le centre \u00e9tait l\u00e0, c\u2019\u00e9tait \u00e0 peu pr\u00e8s bien. On pouvait dormir deux semaines d\u2019affil\u00e9e\u00a0; on mange, on se lave, on se repose. Maintenant, la situation est tr\u00e8s compliqu\u00e9e.\u00a0\u00bb<\/i><\/span><\/p>\n<p style=\"text-align: justify;\"><span style=\"font-size: medium;\">Tout s\u2019est achev\u00e9 brusquement, par un mail de la pr\u00e9fecture tomb\u00e9 \u00e0 l\u2019\u00e9t\u00e9\u00a02025. <i>\u00ab\u00a0On nous a expliqu\u00e9 que c\u2019\u00e9tait termin\u00e9\u00a0\u00bb<\/i>, se souvient L\u00e9o Andr\u00e9. <i>\u00ab\u00a0C\u2019est l\u2019incompr\u00e9hension totale. On n\u2019a jamais eu aucun probl\u00e8me de collaboration avec l\u2019\u00c9tat. Les budgets \u00e9taient reconduits chaque ann\u00e9e pour ce dispositif, par ailleurs reconnu.\u00a0\u00bb<\/i><\/span><\/p>\n<p class=\"western\" style=\"text-align: justify;\"><span style=\"font-size: medium;\">Cit\u00e9 trois fois dans le rapport<\/span><\/p>\n<p style=\"text-align: justify;\"><span style=\"font-size: medium;\">Deux mois plus t\u00f4t, le mercredi 21\u00a0mai 2025, le minist\u00e8re de l\u2019int\u00e9rieur rendait public son rapport \u00ab\u00a0Fr\u00e8res musulmans et islamisme politique en France\u00a0\u00bb, cens\u00e9 montrer la r\u00e9alit\u00e9 de <i>\u00ab\u00a0l\u2019entrisme\u00a0\u00bb<\/i> islamique dans le pays. Ce jour-l\u00e0, les \u00e9quipes du SIF d\u00e9couvrent que le nom de leur organisation y appara\u00eet \u00e0 trois reprises. <i>\u00ab\u00a0Personne ne nous a pourtant rencontr\u00e9s, ni les rapporteurs, ni aucun de leurs collaborateurs\u00a0\u00bb<\/i>, d\u00e9plore Mahieddine Khelladi, directeur ex\u00e9cutif depuis dix-neuf ans de l\u2019organisation, au cours d\u2019un entretien avec <i>Mediapart<\/i>. <i>\u00ab\u00a0S\u2019ils \u00e9taient venus, au bout de dix minutes ils auraient compris o\u00f9 ils \u00e9taient\u00a0!\u00a0\u00bb<\/i><\/span><\/p>\n<p style=\"text-align: justify;\"><span style=\"font-size: medium;\">Le rapport, qui r\u00e9pond \u00e0 une <a href=\"https:\/\/www.mediapart.fr\/journal\/france\/210525\/rapport-sur-les-freres-musulmans-la-grande-instrumentalisation\">commande politique<\/a> de G\u00e9rald Darmanin en 2024, atteste paradoxalement d\u2019<a href=\"https:\/\/www.mediapart.fr\/journal\/france\/240525\/freres-musulmans-decryptage-d-un-rapport-qui-se-degonfle\">une mouvance fr\u00e9riste en d\u00e9clin en France<\/a>. Mais en superposant des passages factuels \u00e0 des assertions vagues, il fait planer un soup\u00e7on g\u00e9n\u00e9ral sur toutes les structures cit\u00e9es.<\/span><\/p>\n<p style=\"text-align: justify;\"><span style=\"font-size: medium;\">La Cour des comptes rappelle aussi que les missions du SIF en France \u00ab\u00a0sont particuli\u00e8rement d\u00e9pendantes des subventions\u00a0\u00bb.<\/span><\/p>\n<p style=\"text-align: justify;\"><span style=\"font-size: medium;\">Ainsi le SIF se retrouve premier d\u2019une liste introduite en ces mots\u00a0: <i>\u00ab\u00a0Une trentaine d\u2019associations caritatives islamistes sont aujourd\u2019hui identifi\u00e9es \u00e0 l\u2019\u00e9chelle nationale. Dont seize dirig\u00e9es par des salafistes et quatre relevant ou ayant relev\u00e9 de la mouvance fr\u00e9riste, parmi lesquelles certaines apparaissent poursuivre des objectifs plus mercantiles qu\u2019humanitaires et conduire des activit\u00e9s r\u00e9solument tourn\u00e9es vers l&rsquo;\u00e9tranger.\u00a0\u00bb<\/i><\/span><\/p>\n<p style=\"text-align: justify;\"><span style=\"font-size: medium;\">Le SIF <\/span><span style=\"font-size: medium;\"><i>\u00ab\u00a0a longtemps \u00e9t\u00e9 dirig\u00e9 par des figures de la mouvance fr\u00e9riste avant de s\u2019en \u00e9manciper progressivement\u00a0\u00bb<\/i><\/span><span style=\"font-size: medium;\">, continue le rapport. L\u2019ONG fond\u00e9e en 1991 \u00e9mane en effet de la Britannique Islamic Relief Worldwide (IRW), qui est <a href=\"https:\/\/www.welt.de\/politik\/ausland\/article230805367\/Israels-Regierung-besorgt-ueber-EU-Foerderung-von-Islamic-Relief.html\">accus\u00e9e par Isra\u00ebl de financer le Hamas<\/a> et dont des dirigeants ont \u00e9t\u00e9 renvoy\u00e9s, apr\u00e8s des propos antis\u00e9mites. Le SIF a toutefois rompu ses liens avec elle il y a vingt ans\u00a0: depuis 2006, l\u2019IRW n\u2019est plus repr\u00e9sent\u00e9e dans ses instances de gouvernance.\u00a0<\/span><\/p>\n<p style=\"text-align: justify;\"><span style=\"font-size: medium;\"><i>\u00ab\u00a0La matrice intellectuelle sur laquelle se base le SIF n\u2019a rien \u00e0 voir avec les Fr\u00e8res musulmans, ni avec l\u2019islamisme\u00a0\u00bb<\/i><\/span><span style=\"font-size: medium;\">, insiste Mahieddine Khelladi, qui rappelle que l\u2019ONG a m\u00eame sign\u00e9 le <a href=\"https:\/\/www.mediapart.fr\/journal\/france\/160524\/le-contrat-d-engagement-republicain-outil-de-mise-au-pas-du-monde-associatif\">contrat d\u2019engagement<\/a><a href=\"https:\/\/www.mediapart.fr\/journal\/france\/160524\/le-contrat-d-engagement-republicain-outil-de-mise-au-pas-du-monde-associatif\"> r\u00e9publicain<\/a> en 2022. Serait-ce son nom qui pose probl\u00e8me\u00a0? <\/span><span style=\"font-size: medium;\"><i>\u00ab\u00a0Le fondateur du SIF dit souvent qu\u2019il a choisi le nom de \u201csecours islamique\u201d car \u00e7a rimait avec \u201csecours catholique\u201d et que \u00e7a rendait bien\u00a0\u00bb<\/i><\/span><span style=\"font-size: medium;\">, s\u2019amuse le directeur, bien conscient qu\u2019au vu de l\u2019atmosph\u00e8re politique, l\u2019appellation \u00ab\u00a0secours islamique\u00a0\u00bb est d\u00e9sormais plus un poids qu\u2019un atout.<\/span><\/p>\n<p style=\"text-align: justify;\"><span style=\"font-size: medium;\">Le rapport \u00ab\u00a0Fr\u00e8res musulmans\u00a0\u00bb d\u00e9crit ensuite une partie du fonctionnement de l\u2019ONG et insiste sur le fait que l\u2019organisme a re\u00e7u <i>\u00ab\u00a0des financements de l\u2019\u00c9tat, de l\u2019AFD et de l\u2019UE et a consacr\u00e9 pr\u00e8s de 35\u00a0M\u20ac en 2021 \u00e0 ses missions \u00e0 l\u2019\u00e9tranger\u00a0\u00bb<\/i>, ne donnant le d\u00e9tail que pour deux pays\u00a0: <i>\u00ab\u00a011,5\u00a0M\u20ac en Syrie et 5\u00a0M\u20ac en Palestine.\u00a0\u00bb<\/i><\/span><\/p>\n<p style=\"text-align: justify;\"><span style=\"font-size: medium;\">Les comptes du SIF sont pourtant r\u00e9guli\u00e8rement audit\u00e9s. Le 3\u00a0juillet 2026, la Cour des comptes a rendu un <\/span><span style=\"font-size: medium;\"><i>\u00ab\u00a0avis de conformit\u00e9\u00a0\u00bb<\/i><\/span><span style=\"font-size: medium;\"> sur les <a href=\"https:\/\/www.ccomptes.fr\/sites\/default\/files\/2026-07\/20260703-Association-Secours-Islamique-France.pdf\">exercices financiers entre 2020 et 2024<\/a> et confirm\u00e9 son \u00e9mancipation d\u2019IRW.\u00a0L\u2019institution souligne que le SIF est tourn\u00e9 vers une <\/span><span style=\"font-size: medium;\"><i>\u00ab\u00a0quinzaine\u00a0\u00bb<\/i><\/span><span style=\"font-size: medium;\"> de pays \u00e0 l\u2019international, o\u00f9 il engage des millions d\u2019euros pour de projets de d\u00e9veloppement et intervient <\/span><span style=\"font-size: medium;\"><i>\u00ab\u00a0ponctuellement en zone de crise\u00a0\u00bb<\/i><\/span><span style=\"font-size: medium;\">, et rel\u00e8ve sa capacit\u00e9 \u00e0 lever des fonds aupr\u00e8s de particuliers par le biais d\u2019efficaces campagnes de dons.\u00a0<\/span><\/p>\n<p style=\"text-align: justify;\"><span style=\"font-size: medium;\">La Cour des comptes rappelle aussi que les missions du SIF en France sont <i>\u00ab\u00a0d\u2019ampleur limit\u00e9e et concentr\u00e9es dans trois d\u00e9partements, malgr\u00e9 une volont\u00e9 affich\u00e9e de d\u00e9veloppement\u00a0\u00bb<\/i> et qu\u2019elles <i>\u00ab\u00a0sont particuli\u00e8rement d\u00e9pendantes des subventions d\u2019exploitation\u00a0\u00bb<\/i>.\u00a0<\/span><\/p>\n<p class=\"western\" style=\"text-align: justify;\"><span style=\"font-size: medium;\">L\u2019illusion d\u2019un \u00ab\u00a0rectificatif\u00a0\u00bb<\/span><\/p>\n<p style=\"text-align: justify;\"><span style=\"font-size: medium;\">Dans les mois qui ont suivi la parution du rapport \u00ab\u00a0Fr\u00e8res musulmans\u00a0\u00bb, les pr\u00e9fectures d\u2019Essonne, de Seine-Saint-Denis et du Rh\u00f4ne ont toutes les trois mis fin \u00e0 leurs aides financi\u00e8res. L\u2019\u00e9quivalent d\u2019un million d\u2019euros de subventions \u00e9tatiques s\u2019\u00e9vapore. Pourquoi le SIF ne choisit-il pas de poursuivre la mise \u00e0 l\u2019abri des femmes pr\u00e9caires \u00e0 Massy, sur ses fonds propres\u00a0? <i>\u00ab\u00a0Financi\u00e8rement c\u2019est un d\u00e9bat qu\u2019on doit avoir<\/i>, d\u00e9taille L\u00e9o Andr\u00e9. <i>La France n\u2019est pas la seule mission, ces arbitrages auront forc\u00e9ment des impacts sur l\u2019humain. Il y a des endroits dans le monde o\u00f9 si nous ne sommes pas l\u00e0, il n\u2019y aura pas d\u2019\u00c9tat pour compenser.\u00a0\u00bb<\/i><\/span><\/p>\n<p style=\"text-align: justify;\"><span style=\"font-size: medium;\">Interrog\u00e9es par <\/span><span style=\"font-size: medium;\"><i>Mediapart<\/i><\/span><span style=\"font-size: medium;\">, les pr\u00e9fectures concern\u00e9es n\u2019ont pas r\u00e9pondu. Bien que ces d\u00e9cisions s\u2019inscrivent dans un contexte g\u00e9n\u00e9ral de <a href=\"https:\/\/www.20minutes.fr\/monde\/4236978-20260730-victimes-coupes-budgetaires-ong-francaises-enfoncent-crise\" target=\"_blank\" rel=\"noopener\">coupes budg\u00e9taires<\/a> dans les secteurs des aides publiques, la temporalit\u00e9 avec la parution du rapport interroge. <\/span><span style=\"font-size: medium;\"><i>\u00ab\u00a0Je n\u2019ai pas envie de le penser\u00a0\u00bb<\/i><\/span><span style=\"font-size: medium;\">, soupire Mahieddine Khelladi.<\/span><\/p>\n<p style=\"text-align: justify;\"><span style=\"font-size: medium;\"><i>\u00ab\u00a0Je veux bien entendre qu\u2019il y ait des enjeux de \u201cdisette\u201d budg\u00e9taire\u00a0\u00bb<\/i>, compl\u00e8te L\u00e9o Andr\u00e9. <i>\u00ab\u00a0Mais ce qui est surprenant, c\u2019est que la subvention de l\u2019Essonne se termine en cours d\u2019exercice en ao\u00fbt, et non au 31 janvier. On a l\u2019impression qu\u2019en deux mois, il fallait que tout soit ferm\u00e9.\u00a0\u00bb<\/i>\u00a0<\/span><\/p>\n<p style=\"text-align: justify;\"><span style=\"font-size: medium;\">Il y a de la col\u00e8re, mais il y a surtout de la d\u00e9ception. Mahieddine Khelladi, directeur du SIF<\/span><\/p>\n<p style=\"text-align: justify;\"><span style=\"font-size: medium;\">Le Secours islamique France a d\u2019abord tent\u00e9 la voie administrative, encha\u00eenant courriers et demandes de rendez-vous dans l\u2019espoir d\u2019obtenir <i>\u00ab\u00a0un rectificatif\u00a0\u00bb<\/i> du minist\u00e8re de l\u2019int\u00e9rieur. <i>\u00ab\u00a0On n\u2019a jamais voulu ni se victimiser, ni \u00eatre dans la revendication communautaire ou communautariste, on n\u2019a jamais r\u00e9gl\u00e9 nos probl\u00e8mes en les portant sur la place publique, mais on a syst\u00e9matiquement privil\u00e9gi\u00e9 les canaux institutionnels\u00a0\u00bb<\/i>, insiste le directeur.<\/span><\/p>\n<p style=\"text-align: justify;\"><span style=\"font-size: medium;\">Le minist\u00e8re a re\u00e7u une fois le SIF en d\u00e9cembre 2025, par le biais de sa cheffe du bureau des cultes. <i>\u00ab\u00a0On n\u2019a pas bien compris, parce qu\u2019on n\u2019a rien \u00e0 voir avec le culte, on n\u2019a jamais \u00e9t\u00e9 dans la repr\u00e9sentation de l\u2019islam de France. Mais on s\u2019est dit pourquoi pas, si c\u2019est la premi\u00e8re porte d\u2019entr\u00e9e\u00a0\u00bb<\/i>, se souvient Mahieddine Khelladi.<\/span><\/p>\n<p style=\"text-align: justify;\"><span style=\"font-size: medium;\">Mais rien de concret n\u2019est sorti de ce rendez-vous. Depuis six mois, le bureau des cultes et le cabinet du ministre se renvoient la balle, ce dernier assurant simplement au SIF qu\u2019il y aurait bien <i>\u00ab\u00a0une volont\u00e9 de dialogue\u00a0\u00bb <\/i>avec eux.\u00a0<i>\u00ab\u00a0Il y a de la col\u00e8re, mais il y a surtout de la d\u00e9ception\u00a0\u00bb<\/i>, d\u00e9plore le directeur. Un an apr\u00e8s la publication du rapport \u00ab\u00a0Fr\u00e8res musulmans\u00a0\u00bb, il a consenti \u00e0 m\u00e9diatiser l\u2019affaire, voyant qu\u2019elle continuait \u00e0 prendre de l\u2019ampleur.<\/span><\/p>\n<p style=\"text-align: justify;\"><span style=\"font-size: medium;\">En avril 2026, la d\u00e9put\u00e9e du Rassemblement national (RN) Marine Hamelet a fait resurgir le fameux document pour questionner le gouvernement sur le financement du SIF par l\u2019institution publique Agence fran\u00e7aise de d\u00e9veloppement (AFD)<\/span><span style=\"font-size: medium;\"><i>,<\/i><\/span><span style=\"font-size: medium;\"> au vu de suppos\u00e9s <\/span><span style=\"font-size: medium;\"><i>\u00ab\u00a0liens pr\u00e9sum\u00e9s avec des mouvements proches des Fr\u00e8res musulmans\u00a0\u00bb<\/i><\/span><span style=\"font-size: medium;\">. Le SIF a r\u00e9pondu par <a href=\"https:\/\/www.liberation.fr\/politique\/la-deputee-rn-marine-hamelet-visee-par-une-plainte-du-secours-islamique-france-20260702_FLPSAMBUDZAFZC7KBR2RR5MMJY\/?redirected=4714\" target=\"_blank\" rel=\"noopener\">une plainte en diffamation<\/a> le 29 juin.\u00a0<\/span><\/p>\n<p style=\"text-align: justify;\"><span style=\"font-size: medium;\">Laurent Nu\u00f1ez, le nouveau ministre de l\u2019int\u00e9rieur, a depuis \u00e9t\u00e9 <a href=\"https:\/\/www.senat.fr\/questions\/base\/2026\/qSEQ26061211S.html\" target=\"_blank\" rel=\"noopener\">interpell\u00e9<\/a> au S\u00e9nat par la socialiste Corinne Narassiguin, \u00e9lue de Seine-Saint-Denis\u00a0: <\/span><span style=\"font-size: medium;\"><i>\u00ab\u00a0Depuis la publication de ce rapport, le minist\u00e8re de l\u2019int\u00e9rieur a mis en cause plusieurs associations qui y \u00e9taient mentionn\u00e9es, en leur pr\u00eatant des liens dont l\u2019existence a depuis \u00e9t\u00e9 d\u00e9mentie\u00a0\u00bb<\/i><\/span><span style=\"font-size: medium;\">, \u00e9crit-elle.\u00a0<\/span><\/p>\n<p style=\"text-align: justify;\"><span style=\"font-size: medium;\">Et demande au minist\u00e8re <i>\u00ab\u00a0s\u2019il envisage de proc\u00e9der \u00e0 une actualisation de ce rapport ou, \u00e0 tout le moins, d\u2019apporter des clarifications publiques concernant certaines all\u00e9gations qui continuent de circuler et qui portent atteinte \u00e0 la r\u00e9putation du SIF et compromettent son acc\u00e8s aux financements n\u00e9cessaires \u00e0 la poursuite de ses missions\u00a0\u00bb<\/i>. R\u00e9ponse \u00e0 la rentr\u00e9e parlementaire.\u00a0\u00a0<\/span><\/p>\n<p style=\"text-align: center;\"><span style=\"font-size: medium;\">** **<\/span><\/p>\n<p style=\"text-align: justify;\"><span style=\"font-size: medium;\">\u00c0 lire aussi<\/span><\/p>\n<p style=\"text-align: justify;\"><a href=\"https:\/\/www.mediapart.fr\/journal\/france\/060526\/entrisme-islamiste-le-senat-adopte-une-proposition-de-loi-en-citant-un-rapport-et-un-sondage-contestes-sur\"><span style=\"font-size: medium;\">\u00ab Entrisme islamiste\u00a0\u00bb\u00a0: le S\u00e9nat adopte une proposition de loi en citant un rapport et un sondage contest\u00e9s sur les musulmans <\/span><\/a><\/p>\n<p style=\"text-align: justify;\"><span style=\"font-size: medium;\">6 mai 2026 <\/span><\/p>\n<p style=\"text-align: justify;\"><a href=\"https:\/\/www.mediapart.fr\/journal\/france\/210525\/la-denonciation-des-freres-musulmans-sert-reactiver-un-sentiment-de-peur\"><span style=\"font-size: medium;\">\u00ab La d\u00e9nonciation des Fr\u00e8res musulmans sert \u00e0 r\u00e9activer un sentiment de peur\u00a0\u00bb <\/span><\/a><\/p>\n<p style=\"text-align: justify;\"><span style=\"font-size: medium;\">21 mai 2025 <\/span><\/p>\n","protected":false},"excerpt":{"rendered":"<p>Le d\u00e9sastreux impact du rapport \u00ab Fr\u00e8res musulmans \u00bb<\/p>\n","protected":false},"author":2,"featured_media":0,"comment_status":"closed","ping_status":"closed","sticky":false,"template":"","format":"standard","meta":{"footnotes":""},"categories":[1],"tags":[],"class_list":["post-16808","post","type-post","status-publish","format-standard","hentry","category-non-classe"],"_links":{"self":[{"href":"https:\/\/www.quieryavenir.fr\/blog\/wp-json\/wp\/v2\/posts\/16808","targetHints":{"allow":["GET"]}}],"collection":[{"href":"https:\/\/www.quieryavenir.fr\/blog\/wp-json\/wp\/v2\/posts"}],"about":[{"href":"https:\/\/www.quieryavenir.fr\/blog\/wp-json\/wp\/v2\/types\/post"}],"author":[{"embeddable":true,"href":"https:\/\/www.quieryavenir.fr\/blog\/wp-json\/wp\/v2\/users\/2"}],"replies":[{"embeddable":true,"href":"https:\/\/www.quieryavenir.fr\/blog\/wp-json\/wp\/v2\/comments?post=16808"}],"version-history":[{"count":1,"href":"https:\/\/www.quieryavenir.fr\/blog\/wp-json\/wp\/v2\/posts\/16808\/revisions"}],"predecessor-version":[{"id":16809,"href":"https:\/\/www.quieryavenir.fr\/blog\/wp-json\/wp\/v2\/posts\/16808\/revisions\/16809"}],"wp:attachment":[{"href":"https:\/\/www.quieryavenir.fr\/blog\/wp-json\/wp\/v2\/media?parent=16808"}],"wp:term":[{"taxonomy":"category","embeddable":true,"href":"https:\/\/www.quieryavenir.fr\/blog\/wp-json\/wp\/v2\/categories?post=16808"},{"taxonomy":"post_tag","embeddable":true,"href":"https:\/\/www.quieryavenir.fr\/blog\/wp-json\/wp\/v2\/tags?post=16808"}],"curies":[{"name":"wp","href":"https:\/\/api.w.org\/{rel}","templated":true}]}}