{"id":16810,"date":"2026-09-02T02:47:33","date_gmt":"2026-09-02T00:47:33","guid":{"rendered":"https:\/\/www.quieryavenir.fr\/blog\/?p=16810"},"modified":"2026-08-30T06:49:38","modified_gmt":"2026-08-30T04:49:38","slug":"a-quand-la-prochaine-fournaise","status":"publish","type":"post","link":"https:\/\/www.quieryavenir.fr\/blog\/2026\/09\/02\/a-quand-la-prochaine-fournaise\/","title":{"rendered":"\u00c0 quand la prochaine fournaise ?"},"content":{"rendered":"<p style=\"text-align: justify;\"><img loading=\"lazy\" decoding=\"async\" class=\"wp-image-16801 aligncenter\" src=\"https:\/\/www.quieryavenir.fr\/blog\/wp-content\/uploads\/2026\/08\/Bureaucratie-228x300.jpg\" alt=\"\" width=\"324\" height=\"426\" srcset=\"https:\/\/www.quieryavenir.fr\/blog\/wp-content\/uploads\/2026\/08\/Bureaucratie-228x300.jpg 228w, https:\/\/www.quieryavenir.fr\/blog\/wp-content\/uploads\/2026\/08\/Bureaucratie.jpg 386w\" sizes=\"auto, (max-width: 324px) 100vw, 324px\" \/><\/p>\n<h2 class=\"western\" style=\"text-align: justify;\"><span style=\"font-size: medium;\">Le choix de l\u2019expansion des hydrocarbures rel\u00e8ve du crime de \u00ab\u00a0globocide\u00a0\u00bb<\/span><\/h2>\n<p style=\"text-align: justify;\"><!--more--><br \/>\nCette perspective occupe nos conversations car elle nous terrifie : nous sommes collectivement traumatis\u00e9s par les dix jours de canicule dont nous sortons. Trop de souffrance, de deuils, de morts, mais aussi d\u2019incons\u00e9quence et d\u2019inanit\u00e9 du d\u00e9bat politique concernant les le\u00e7ons \u00e0 tirer, les ruptures \u00e0 op\u00e9rer et les processus l\u00e9gislatifs \u00e0 enclencher pour pr\u00e9venir l\u2019effondrement.<\/p>\n<p style=\"text-align: justify;\">La douleur suscit\u00e9e par cette canicule est incommensurable : des h\u00f4pitaux submerg\u00e9s, des soignants ext\u00e9nu\u00e9s, des patients allong\u00e9s \u00e0 m\u00eame le sol pour hyperthermies, malaises cardiaques, insuffisances respiratoires, d\u00e9compensations psychiatriques\u2026\u00a0 Du c\u00f4t\u00e9 des \u00e9cosyst\u00e8mes, c\u2019est l\u2019h\u00e9catombe : pertes agricoles, mortalit\u00e9s animales dystopiques dans les \u00e9levages, les bois, les rivi\u00e8res et les oc\u00e9ans, plantes en mode \u00ab survie \u00bb, oiseaux qui tombent du ciel\u2026 Dans les maternit\u00e9s, les \u00e9coles ou les champs, des dizaines de millions de personnes ont v\u00e9cu dans leur chair les cons\u00e9quences du d\u00e9r\u00e8glement climatique. Face aux risques de feux attendus cet \u00e9t\u00e9, les pompiers se demandent comment ils vont \u00ab tenir \u00bb si un ou plusieurs m\u00e9gafeux se d\u00e9clenchent. Dans des logements devenus bouilloires thermiques, des millions de familles ont guett\u00e9, d\u00e9sesp\u00e9r\u00e9ment, le retour \u00e0 \u00ab la normale \u00bb.<\/p>\n<p style=\"text-align: justify;\"><a name=\"mfn-content-00000000000007030000000000000000_46546-1\"><\/a><a name=\"mfn-content-00000000000007030000000000000000_46546-2\"><\/a><a name=\"mfn-content-00000000000007030000000000000000_46546-3\"><\/a> Les guillemets sont ici de rigueur car l\u2019industrie fossile et des d\u00e9cennies d\u2019inaction climatique ont fait voler en \u00e9clat la \u00ab norme \u00bb : le climat relativement stable que connaissait la Terre depuis 12 000 ans<a>1<\/a> appartient d\u00e9sormais au pass\u00e9. Nous ne pourrons pas le ressusciter, mais nous pouvons encore \u00e9viter que le monde ne devienne inhabitable pour des pans entiers de l\u2019humanit\u00e9. Pour cela, il n\u2019existe qu\u2019une seule solution : r\u00e9duire imm\u00e9diatement et drastiquement nos \u00e9missions de CO2 et lib\u00e9rer nos vies et nos \u00e9conomies de l\u2019emprise de l\u2019industrie fossile. Notre avenir est suspendu \u00e0 deux actions urgentes : l\u2019arr\u00eat cat\u00e9gorique<a>2<\/a> de l\u2019expansion des \u00e9nergies fossiles et la r\u00e9duction<a>3<\/a> imm\u00e9diate des \u00e9missions de gaz \u00e0 effet de serre.<\/p>\n<p style=\"text-align: justify;\"><a name=\"mfn-content-00000000000007030000000000000000_46546-4\"><\/a> Tant que l\u2019industrie fossile continuera \u00e0 ignorer souverainement les lois non n\u00e9gociables de la physique voulant que chaque tonne de CO2 suppl\u00e9mentaire stock\u00e9e dans l\u2019atmosph\u00e8re conduit \u00e0 un r\u00e9chauffement additionnel, tant qu\u2019elle continuera \u00e0 ouvrir des mines de charbon et de nouveaux champs gaziers et p\u00e9troliers, les \u00e9v\u00e9nements climatiques extr\u00eames, \u00e0 l\u2019instar des d\u00f4mes de chaleur suffocants, gagneront en intensit\u00e9 et en fr\u00e9quence<a>4<\/a>.<\/p>\n<p style=\"text-align: justify;\">Cela fait des d\u00e9cennies que la trajectoire de collision de nos modes de vie avec le climat et les \u00e9cosyst\u00e8mes est pr\u00e9dite, mod\u00e9lis\u00e9e et quantifi\u00e9e. Nous vivons un \u00ab in\u00e9dit \u00bb anticipable, dont on connait l\u2019issue. Mais les scientifiques qui alertent l\u2019opinion depuis des ann\u00e9es avec constance et pr\u00e9cision, ainsi que toutes celles et ceux qui tentent de relayer leur parole dans l\u2019espace public, font encore face au discr\u00e9dit, aux insultes, \u00e0 l\u2019intimidation et aux menaces.<\/p>\n<p style=\"text-align: justify;\"><a name=\"mfn-content-00000000000007030000000000000000_46546-5\"><\/a><a name=\"mfn-content-00000000000007030000000000000000_46546-6\"><\/a> Depuis des d\u00e9cennies, les industries fossiles ont organis\u00e9 l\u2019inaction : elles ont investi des milliards de dollars pour d\u00e9sinformer, instiller le doute, invisibiliser les scientifiques et maintenir le statu quo. Consciente depuis les ann\u00e9es 1970<a>5<\/a> du caract\u00e8re climaticide de son activit\u00e9, l\u2019industrie fossile cherche \u00e0 maintenir ses profits au prix de nos vies. Dans son communiqu\u00e9 faisant suite \u00e0 sa condamnation par la justice le 25 juin 2026 dans un contentieux l\u2019opposant \u00e0 des ONG et \u00e0 la Ville de Paris, TotalEnergies constate \u00ab <em>avec satisfaction que le tribunal judiciaire de Paris n\u2019a pas retenu (\u2026) les demandes des associations et de la ville de Paris qui visaient \u00e0 faire interdire \u00e0 TotalEnergies les nouveaux projets p\u00e9troliers et gaziers ou \u00e0 l\u2019obliger \u00e0 r\u00e9duire sa production de p\u00e9trole et de gaz<\/em>. \u00bb<a>6<\/a><\/p>\n<p style=\"text-align: justify;\">Il existe donc des individus, \u00e0 la t\u00eate de TotalEnergies, pour se r\u00e9jouir d\u2019avoir obtenu une extension de leur permis de tuer.<\/p>\n<p style=\"text-align: justify;\"><a name=\"mfn-content-00000000000007030000000000000000_46546-7\"><\/a> Atteignant le sommet du cynisme, le PDG de TotalEnergies Patrick Pouyann\u00e9<a>7<\/a> a annonc\u00e9 le 24 juin 2026, c\u2019est-\u00e0-dire le jour le plus chaud de l\u2019histoire fran\u00e7aise, investir dans un nouveau projet fossile aux \u00c9mirats arabes unis.<\/p>\n<p style=\"text-align: justify;\"><a name=\"mfn-content-00000000000007030000000000000000_46546-8\"><\/a> Ces deux communications sonnent l\u2019alarme : nous devons arr\u00eater au plus vite les criminels climatiques qui pratiquent la politique de la Terre br\u00fbl\u00e9e et mettent l\u2019humanit\u00e9 en danger. Les majors fossiles affirment que nous avons besoin de p\u00e9trole et de gaz et laissent ainsi sournoisement entendre que la demande citoyenne se porte sur l\u2019\u00e9nergie carbon\u00e9e. C\u2019est faux. Nous avons besoin d\u2019\u00e9nergie, mais nous demandons de l\u2019\u00e9nergie d\u00e9carbon\u00e9e. Non contents d\u2019avoir combattu toutes les l\u00e9gislations et initiatives visant \u00e0 r\u00e9duire notre d\u00e9pendance aux \u00e9nergies fossiles, les majors p\u00e9trogazi\u00e8res, TotalEnergies en t\u00eate, sont d\u00e9sormais engag\u00e9es dans l\u2019expansion des hydrocarbures.<a>8<\/a> Ce choix d\u2019un cynisme in\u00e9gal\u00e9 condamne bien plus que l\u2019humanit\u00e9 : il rel\u00e8ve d\u2019un crime d\u2019un genre nouveau, un \u00ab globocide \u00bb, qui entra\u00eene la disparition de la biosph\u00e8re telle que nous la connaissons et la d\u00e9stabilisation des conditions m\u00eames d\u2019habitabilit\u00e9 de la plan\u00e8te pour toutes et tous.<\/p>\n<p style=\"text-align: justify;\"><a name=\"mfn-content-00000000000007030000000000000000_46546-9\"><\/a><a name=\"mfn-content-00000000000007030000000000000000_46546-10\"><\/a><a name=\"mfn-content-00000000000007030000000000000000_46546-11\"><\/a><a name=\"mfn-content-00000000000007030000000000000000_46546-12\"><\/a> Nous allons franchir avant 2030 le seuil de 1,5\u00b0C de r\u00e9chauffement qui \u00e9tait l\u2019objectif de l\u2019Accord de Paris d\u2019ici 2100. Nos fen\u00eatres d\u2019action se resserrent. Il nous reste quinze ans pour r\u00e9aliser la bascule de notre syst\u00e8me \u00e9nerg\u00e9tique, en l\u2019accompagnant de politiques publiques de sobri\u00e9t\u00e9 g\u00e9n\u00e9ralis\u00e9e, permettant de respecter les objectifs europ\u00e9ens de r\u00e9duction globale de 90% des \u00e9missions d\u2019ici 2040<a>9<\/a>, puis la neutralit\u00e9 carbone en 2050<a>10<\/a>, tels qu\u2019inscrits dans la loi. Mais se d\u00e9tournant de l\u2019humanit\u00e9, TotalEnergies a choisi d\u2019investir dans le d\u00e9veloppement des hydrocarbures dans une cinquantaine de pays<a>11<\/a> et d\u2019augmenter ses \u00e9missions dans les ann\u00e9es \u00e0 venir<a>12<\/a>. TotalEnergies, un des fossoyeurs de l\u2019objectif de neutralit\u00e9 carbone \u00e0 horizon 2050, a choisi \u00ab d\u2019ouvrir les portes de l\u2019enfer \u00bb. Il en r\u00e9sulterait le sacrifice de centaines de millions, voire de milliards de vies humaines et l\u2019effondrement d\u2019environ la moiti\u00e9 du PIB mondial d\u2019ici la fin du si\u00e8cle.<\/p>\n<p style=\"text-align: justify;\"><a name=\"mfn-content-00000000000007030000000000000000_46546-13\"><\/a><a name=\"mfn-content-00000000000007030000000000000000_46546-14\"><\/a> Ces d\u00e9cisions conscientes et inform\u00e9es ne rel\u00e8vent pas de la simple irresponsabilit\u00e9, mais de la criminalit\u00e9 climatique. C\u2019est un imp\u00e9ratif moral cat\u00e9gorique<a>13<\/a> pour les politiques que de les arr\u00eater. Et une obligation l\u00e9gale<a>14<\/a>.<\/p>\n<p style=\"text-align: justify;\">Le gouvernement et les parlementaires doivent adopter une loi d\u2019urgence climatique qui interdise \u00e0 toutes les entreprises fran\u00e7aises de financer et de participer, directement ou indirectement, \u00e0 l\u2019ouverture de nouveaux projets fossiles (charbon, p\u00e9trole, gaz) en France ou \u00e0 l\u2019\u00e9tranger, qui supprime toutes les subventions aux \u00e9nergies fossiles, qui interdise tout lobbying de l\u2019industrie fossile, et qui reconnaisse le crime de \u00ab globocide \u00bb.<\/p>\n<p style=\"text-align: justify;\">Cette loi est un pr\u00e9requis pour \u00e9viter d\u2019\u00eatre spectateurs et victimes de la perte d\u2019habitabilit\u00e9 de la Terre pour toutes et tous.<\/p>\n<p style=\"text-align: justify;\">Il faudra encore fermer au plus vite les mines de charbon ainsi que les puits de p\u00e9trole et de gaz en cours d\u2019exploitation, et d\u00e9ployer un Fonds vert dot\u00e9 de 20 milliards d\u2019euros afin d\u2019aider les territoires \u00e0 s\u2019adapter \u00e0 un climat inexorablement en surchauffe.<\/p>\n<p style=\"text-align: justify;\">La clairvoyance et l\u2019esprit de responsabilit\u00e9 exigent que le gouvernement et les parlementaires d\u00e9sarment l\u2019industrie fossile par une loi d\u2019urgence climatique. Une des missions de l\u2019\u00c9tat n\u2019est-elle pas de prot\u00e9ger les citoyens et citoyennes ? Agir sur le volet de l\u2019adaptation aux risques climatiques ne suffira pas si le robinet \u00e0 la source de la catastrophe reste ouvert en grand. Cette loi d\u2019urgence climatique rel\u00e8ve de notre survie collective. Litt\u00e9ralement.<\/p>\n<p style=\"text-align: justify;\">bloomassociation<\/p>\n<h1 class=\"western\" style=\"text-align: justify;\"><span style=\"font-size: medium;\">** **<\/span><\/h1>\n<h1 class=\"western\" style=\"text-align: justify;\"><span style=\"font-size: medium;\">\u00ab\u00a0Le monde paysan a peur\u00a0\u00bb<\/span><\/h1>\n<h1 class=\"western\" style=\"text-align: justify;\"><span style=\"font-size: medium;\">Les r\u00e9coltes s\u2019effondrent apr\u00e8s un d\u00e9but d\u2019\u00e9t\u00e9 catastrophique<\/span><\/h1>\n<div id=\"article-wrapper\" dir=\"LTR\">\n<div id=\"article-content\" dir=\"LTR\">\n<p style=\"text-align: justify;\">Des paysans et agriculteurs en grande souffrance physique et\/ou psychologique. Des champs entiers <a href=\"https:\/\/www.facebook.com\/watch\/?v=1044991721212401\">ravag\u00e9s<\/a> en quelques jours par des vents chauds et secs. Des fruits cuits sur pied <a href=\"http:\/\/www.facebook.com\/watch\/?v=1452865203552884\">avant d\u2019\u00eatre m\u00fbrs<\/a> et des semis d\u2019\u00e9t\u00e9 qui <a href=\"https:\/\/actu.fr\/pays-de-la-loire\/la-planche_44127\/canicule-la-situation-est-inedite-des-pertes-a-plusieurs-millions-deuros-dans-le-maraichage-nantais_64542307.html\">ne germeront jamais<\/a>.<\/p>\n<p style=\"text-align: justify;\">La s\u00e9cheresse et les canicules cumul\u00e9es depuis la fin du printemps ont non seulement mis \u00e0 mal les r\u00e9coltes de l\u2019\u00e9t\u00e9 2026 mais condamnent d\u2019ores et d\u00e9j\u00e0 une partie des productions des mois \u00e0 venir.<\/p>\n<p style=\"text-align: justify;\">Comment mesurer les pertes\u00a0? Quels sont les secteurs\u00a0 les plus touch\u00e9s\u00a0? Que faut-il changer pour que le syst\u00e8me agricole fran\u00e7ais soit plus r\u00e9silient face \u00e0 un climat instable et hostile\u00a0?<\/p>\n<h2 class=\"western\" style=\"text-align: justify;\">Comment \u00e9valuer les pertes agricoles dues \u00e0 la canicule\u00a0?<\/h2>\n<p style=\"text-align: justify;\">Disons-le tout de suite, cette \u00e9valuation est extr\u00eamement difficile, y compris pour les personnes dont c\u2019est le m\u00e9tier. Carina Furusho Percot travaille au sein de l\u2019unit\u00e9 Agroclim de l\u2019Inrae, qui \u00e9tudie et \u00e9value les impacts du changement climatique sur les syst\u00e8mes agricoles. Elle explique \u00e0 Bon Pote\u00a0: <em>\u00ab\u00a0Ce qui nous interpelle, en tant que chercheurs et chercheuses, c\u2019est la r\u00e9p\u00e9tition des \u00e9v\u00e9nements. Plusieurs canicules r\u00e9p\u00e9titives au cours d\u2019une m\u00eame ann\u00e9e, on n\u2019a jamais connu cela. Normalement, nous travaillons en nous basant sur des ann\u00e9es de r\u00e9f\u00e9rence pour comparer. L\u00e0, il n\u2019y en a aucune, donc on a du mal \u00e0 anticiper les cons\u00e9quences.\u00a0\u00bb\u00a0<\/em><\/p>\n<p style=\"text-align: justify;\">Si la France avait \u00ab\u00a0seulement\u00a0\u00bb subi une nouvelle canicule proche de celle de 2003, on pourrait se baser sur les r\u00e9coltes de cette ann\u00e9e-l\u00e0 pour faire des estimations. L\u00e0, la r\u00e9p\u00e9tition des \u00e9v\u00e9nements est telle que l\u2019on entre dans une \u00e8re inconnue. En l\u2019\u00e9tat, la seule solution consiste \u00e0 interroger les concern\u00e9es, \u00e0 savoir les syndicats, f\u00e9d\u00e9rations et institutions agricoles.<\/p>\n<h2 class=\"western\" style=\"text-align: justify;\">De quelques\u00a0% de baisse \u00e0 des r\u00e9coltes nulles<\/h2>\n<p style=\"text-align: justify;\">D\u00e8s le d\u00e9but de l\u2019\u00e9t\u00e9, les r\u00e9coltes de bl\u00e9 ou d\u2019orge sem\u00e9s en hiver ont \u00e9t\u00e9 <a href=\"https:\/\/www.lefigaro.fr\/actualite-france\/sous-l-effet-des-canicules-la-recolte-de-ble-2026-en-france-revue-en-baisse-de-4-20260716\">pr\u00e9coces et revues<\/a> \u00e0 la baisse (<a href=\"https:\/\/www.agreste.agriculture.gouv.fr\/agreste-web\/download\/publication\/publie\/IraGcu2688\/2026_88inforapgdescultures.pdf\">de l\u2019ordre de 4%<\/a>) du fait des conditions climatiques. La situation est d\u00e9j\u00e0 douloureuse pour les agriculteurs et agricultrices, dont certains et certaines <a href=\"https:\/\/www.lefigaro.fr\/actualite-france\/sous-l-effet-des-canicules-la-recolte-de-ble-2026-en-france-revue-en-baisse-de-4-20260716\">ont par ailleurs \u00e9t\u00e9 contraints de moissonner de nuit<\/a> pour \u00e9viter que les machines ne d\u00e9clenchent des feux. Mais c\u2019est malheureusement bien moins grave que les cultures sem\u00e9es ou cultiv\u00e9es plus tard dans l\u2019ann\u00e9e. Les rendements de l\u2019orge sem\u00e9 au printemps sont par exemple estim\u00e9s en baisse de 36%, tandis que la r\u00e9colte de ma\u00efs s\u2019annonce comme <a href=\"https:\/\/www.perspectives-agricoles.com\/qualite-debouches\/mais-grain-des-volumes-amputes-dau-moins-30-en-2026?utm_source=chatgpt.com\">la pire depuis plusieurs d\u00e9cennies<\/a>, en baisse d\u2019un tiers.<\/p>\n<p style=\"text-align: justify;\">Autre chiffre crucial, alors que la moiti\u00e9 des surfaces cultiv\u00e9es en France <a href=\"https:\/\/www.insee.fr\/fr\/statistiques\/5039859?sommaire=5040030\">sont compos\u00e9es de prairies et cultures fourrag\u00e8res<\/a> : la pousse de l\u2019herbe est aujourd\u2019hui <a href=\"https:\/\/agreste.agriculture.gouv.fr\/agreste-web\/disaron\/IraPra2693\/detail\/\">inf\u00e9rieure de 26\u00a0%<\/a> \u00e0 celle observ\u00e9e \u00e0 cette date ces derni\u00e8res ann\u00e9es. Le graphique ci-dessous montre l\u2019effondrement brutal de la production des prairies depuis le d\u00e9but des canicules fin mai 2026, et certaines prairies pourraient se r\u00e9v\u00e9ler d\u00e9truites, alerte m\u00eame Christian Huygue.\u00a0 La situation pourrait entra\u00eener une <a href=\"https:\/\/www.action-agricole-picarde.com\/une-secheresse-persistante-qui-inquiete\">r\u00e9duction de la taille des cheptels<\/a> et une augmentation temporaire du nombre d\u2019animaux envoy\u00e9s \u00e0 l\u2019abattoir. De quoi ajouter \u00e0 la n\u00e9cessaire remise en question de l\u2019\u00e9levage intensif, puisque ce ph\u00e9nom\u00e8ne s\u2019ajoute <a href=\"https:\/\/bonpote.com\/les-millions-de-morts-silencieuses-de-la-canicule\/\">aux millions de morts animales<\/a> depuis le d\u00e9but de l\u2019\u00e9t\u00e9.<\/p>\n<p style=\"text-align: justify;\">\n<p style=\"text-align: justify;\">Dans\u00a0 de nombreuses r\u00e9gions, l\u2019herbe des prairies a compl\u00e8tement grill\u00e9 depuis des semaines. <em>\u00ab\u00a0Il n\u2019y a plus d\u2019herbe. Depuis d\u00e9but juillet, on doit donner aux b\u00eates nos stocks de fourrage qui \u00e9taient pr\u00e9vus pour l\u2019hiver\u00a0\u00bb<\/em>, d\u00e9plore le porte-parole national de la Conf\u00e9d\u00e9ration paysanne, install\u00e9 en Haute-Vienne.<\/p>\n<p style=\"text-align: justify;\">Les mara\u00eechers paient sans doute le tribut le plus lourd \u00e0 cette s\u00e9cheresse. La ministre de l\u2019Agriculture Annie Genevard a d\u00e9j\u00e0 alert\u00e9 sur un <em><a href=\"https:\/\/www.bfmtv.com\/economie\/entreprises\/agriculture\/mais-melons-carottes-la-ministre-de-l-agriculture-alerte-sur-un-effondrement-de-la-production-de-maraichage-et-de-lait-avec-la-canicule_AV-202607270360.html\">\u00ab\u00a0effondrement\u00a0\u00bb<\/a><\/em> des productions d\u2019\u00e9t\u00e9 mais aussi partag\u00e9 ses <em>\u00ab\u00a0interrogations\u00a0\u00bb <\/em>sur la capacit\u00e9 des mara\u00eechers fran\u00e7ais \u00e0 produire des l\u00e9gumes <em>\u00ab\u00a0pour l\u2019automne et l\u2019hiver prochain\u00a0\u00bb<\/em>. Et pour cause\u00a0: dans beaucoup de d\u00e9partements, semer est tout bonnement impossible tant les sols sont secs et emp\u00eachent toute germination.<\/p>\n<p style=\"text-align: justify;\">L\u00e9gumes de France, la <a href=\"https:\/\/legumesdefrance.fr\/index.php\/un-bref-historique\/\">f\u00e9d\u00e9ration des producteurs de l\u00e9gumes<\/a>, \u00e9voque de son c\u00f4t\u00e9 une \u00ab\u00a0catastrophe\u00a0\u00bb en cours \u2013 <em>\u00ab\u00a0En m\u00e2che, jeunes pousses, salades, carottes, poireaux, \u00e9chalotes, ail, oignons, les pertes \u00e0 date s\u2019\u00e9l\u00e8vent en milliers de tonnes\u00a0\u00bb<\/em> \u2013 et confirme que beaucoup de productions sont enti\u00e8rement impossibles. A tel point que les pertes de certaines fili\u00e8res pourraient atteindre les 50% de tonnages annuels en France. L\u00e9gumes de France pointe m\u00eame les risques de \u00ab\u00a0p\u00e9nurie\u00a0\u00bb sur certains produits, puisque les importations venant du reste de l\u2019Europe s\u2019av\u00e8rent impossibles du fait d\u2019une canicule qui frappe l\u2019ensemble du continent.<\/p>\n<h2 class=\"western\" style=\"text-align: justify;\">Des cons\u00e9quences sociales in\u00e9galement r\u00e9parties<\/h2>\n<p style=\"text-align: justify;\">Dans les exploitations, la \u00ab\u00a0casse sociale\u00a0\u00bb a d\u00e9j\u00e0 d\u00e9marr\u00e9 selon L\u00e9gumes de France, avec des embauches de saisonnier annul\u00e9es et des mesures de ch\u00f4mage technique <a href=\"https:\/\/www.ladepeche.fr\/2026\/07\/21\/secheresse-et-canicule-la-chambre-dagriculture-tire-le-signal-dalarme-13477889.php\">\u00e9voqu\u00e9es<\/a> ou <a href=\"https:\/\/www.lemonde.fr\/economie\/article\/2026\/08\/01\/la-secheresse-provoque-un-effondrement-de-la-production-de-legumes-meme-irrigues-les-jeunes-plants-n-ont-pas-survecu_6737184_3234.html?srsltid=AfmBOorV4s8-pQEru2BoHLWNjOB9NIXwd4N0Hk0aezcAKCVMoZby9OhO\">propos\u00e9es<\/a>. Ces cons\u00e9quences sociales sont support\u00e9es de fa\u00e7on in\u00e9gale, entre autres parce que rares sont les exploitants prot\u00e9g\u00e9s par une assurance contre les al\u00e9as climatiques (\u00e0 peine 18\u00a0% <a href=\"https:\/\/www.assemblee-nationale.fr\/dyn\/15\/textes\/l15b4758_etude-impact.pdf\">selon l\u2019\u00e9tude d\u2019impact<\/a> parlementaire r\u00e9alis\u00e9e en 2020). A ce sujet, la Conf\u00e9d\u00e9ration paysanne rappelle que la grande distribution n\u2019est pas mise \u00e0 contribution face aux al\u00e9as climatiques et appelle \u00e0 ce que celle-ci partage les risques avec les producteurs. L\u00e9gumes de France dresse une autre proposition\u00a0: que la grande distribution revoie ses crit\u00e8res d\u2019acceptation des l\u00e9gumes pour commercialiser des fruits et l\u00e9gumes pr\u00e9sentant des d\u00e9fauts d\u2019aspect<em>\u00ab\u00a0 n\u2019entachant ni le go\u00fbt ni la valeur nutritive du produit\u00a0\u00bb<\/em>.<\/p>\n<p style=\"text-align: justify;\">A ce bilan comptable s\u2019ajoute l\u2019\u00e9puisement physique et psychologique de celles et ceux qui continuent \u00e0 travailler malgr\u00e9 la chaleur, bien souvent dans des serres. <em>\u00ab\u00a0Avant m\u00eame le d\u00e9but de la saison, il y avait d\u00e9j\u00e0 un manque de revenus. Mais l\u00e0, l\u2019enjeu est que le monde paysan a peur, on se demande comment on va produire. Les r\u00e9unions qui finissent en pleurs, c\u2019est devenu r\u00e9current. On entend beaucoup de coll\u00e8gues qui sont \u00e0 deux doigts de mettre la cl\u00e9 sous la porte\u00a0\u00bb<\/em>, t\u00e9moigne Thomas Gibert. ll faut aussi se mettre \u00e0 la place de ce mara\u00eecher des Deux-S\u00e8vres qui d\u00e9crit <a href=\"https:\/\/reporterre.net\/Je-l-ai-trouve-par-terre-a-cote-des-serres-les-canicules-laissent-les-paysans-KO\">\u00e0 Reporterre<\/a> : <em>\u00ab\u00a0J\u2019ai eu le malheur de faire deux heures de sieste parce que je me sentais mal\u00a0: j\u2019ai perdu 2\u00a0500 choux<\/em>. <em>Nos cultures ne nous donnent pas le droit au r\u00e9pit.\u00a0\u00bb<\/em><\/p>\n<p>L\u2019acc\u00e8s aux ressources essentielles en p\u00e9riode de canicule n\u2019\u00e9chappe pas non plus \u00e0 cette injustice. Install\u00e9 en Haute-Vienne, Thomas Gibert d\u00e9nonce la concurrence des exploitations \u00e9quip\u00e9es de m\u00e9thaniseurs et qui ach\u00e8tent du fourrage non pas pour nourrir des b\u00eates mais pour produire du gaz. Sur le sujet, crucial, de l\u2019eau, il d\u00e9nonce \u00e9galement <a href=\"https:\/\/www.instagram.com\/p\/DbgTIWdoR4P\/?hl=fr\">le manque d\u2019\u00e9quit\u00e9<\/a> dans l\u2019acc\u00e8s \u00e0 l\u2019eau via les forages comme via les bassines dites retenues de substitution\u00a0:<em>\u00ab\u00a0On a toujours une politique de l\u2019eau qui fonctionne selon la r\u00e8gle du \u201cpremier arriv\u00e9, premier servi\u201d, sans aucune r\u00e9flexion sur les cultures \u00e0 prioriser\u00a0\u00bb<\/em>. Dans les Deux-S\u00e8vres et en Charentes maritimes, d\u00e9partements <a href=\"https:\/\/www.mediapart.fr\/journal\/ecologie\/141223\/dans-les-deux-sevres-les-beneficiaires-des-bassines-ne-respectent-pas-leurs-engagements\">particuli\u00e8rement concern\u00e9<\/a>s par les constructions <a href=\"https:\/\/lesjours.fr\/obsessions\/eau-guerres\/ep3-bassines\/\">parfois ill\u00e9gales<\/a> de bassines, <a href=\"https:\/\/reporterre.net\/Ces-agriculteurs-qui-payent-pour-les-megabassines-mais-n-en-profiteront-pas\">des agriculteurs d\u00e9noncent<\/a> l\u2019iniquit\u00e9 du syst\u00e8me de r\u00e9partition de l\u2019eau.<\/p>\n<p style=\"text-align: justify;\">Enfin, les in\u00e9galit\u00e9s vont aussi toucher les consommateurs et consommatrices. Localement, des hausses importantes de prix <a href=\"https:\/\/france3-regions.franceinfo.fr\/bourgogne-franche-comte\/cote-d-or\/legumes-introuvables-et-prix-en-hausse-les-maraichers-en-difficulte-face-a-la-chaleur-les-nouvelles-recoltes-ont-seche-tout-est-mort-3389851.html?utm_medium=Social&amp;utm_source=Facebook&amp;fbclid=IwY2xjawTdIMJleHRuA2FlbQIxMABicmlkETBoSGhjS1hwaEFCWFBHWVhSc3J0YwZhcHBfaWQQMjIyMDM5MTc4ODIwMDg5MgABHp1Cz3LPV_0kgDAy1UPYPrWEr9Xf2hEqYjzkV_6iq10vG0gn0vDfxaaPMI6i_aem_qoMCc32C2A0hHMt9iWa3bQ#Echobox=1784642073\">ont d\u00e9j\u00e0 \u00e9t\u00e9 constat\u00e9es<\/a> sur beaucoup de l\u00e9gumes, de la tomate aux haricots. Cette augmentation est in\u00e9luctable pour compenser les pertes \u00e9normes subies par les producteurs et mara\u00eechers.\u00a0Mais elle s\u2019inscrit dans une tendance d\u00e9j\u00e0 tr\u00e8s n\u00e9faste pour les consommateurs et consommatrices. La journaliste Nora Bouazzouni a d\u00e9crit <a href=\"https:\/\/www.nouriturfu.com\/nos-livres\/mlr\">dans plusieurs travaux<\/a> (dont <em>Mangez les riches, la lutte des classes passe par l\u2019assiette<\/em>) combien les fruits et l\u00e9gumes <a href=\"https:\/\/www.instagram.com\/p\/DbV7VSZCHhF\/\">co\u00fbtent de plus cher en France<\/a>. S\u2019appuyant sur les <a href=\"https:\/\/www.famillesrurales.org\/sites\/multisite.famillesrurales.org._www\/files\/ckeditor\/actualites\/fichiers\/observatoire-fruits-legumes-2026-07.pdf\">travaux de l\u2019observatoire Familles rurales<\/a>, elle rappelait <a href=\"https:\/\/www.instagram.com\/p\/DbV7VSZCHhF\/\">il y a quelques jours<\/a> que les fruits et l\u00e9gumes ont encore augment\u00e9 de 10% en moyenne en un an, apr\u00e8s une d\u00e9cennie pendant laquelle\u00a0 les prix des fruits et l\u00e9gumes frais ont d\u00e9j\u00e0 progress\u00e9 de 50% en moyenne (contre 21% pour l\u2019inflation g\u00e9n\u00e9rale).<\/p>\n<p style=\"text-align: justify;\">Alors que l\u2019ensemble des recommandations alimentaires invitent \u00e0 consommer davantage de fruits et l\u00e9gumes, c\u2019est <em>\u00ab\u00a0l\u2019une des cat\u00e9gories alimentaires dont les prix augmentent le plus rapidement\u00a0\u00bb<\/em>, d\u00e9nonce Familles rurales.<\/p>\n<h2 class=\"western\" style=\"text-align: justify;\"><strong>Comment s\u2019adapter et faire \u00e9voluer les pratiques\u00a0?\u00a0<\/strong><\/h2>\n<p style=\"text-align: justify;\">Bien s\u00fbr, aucune solution simple et unique ne peut r\u00e9pondre au probl\u00e8me. Mais une chose est s\u00fbre, selon nos trois interview\u00e9es\u00a0: les solutions p\u00e9rennes seront celles qui invitent \u00e0 changer le syst\u00e8me agricole dans son ensemble.<em>\u00ab\u00a0Il faut changer de logique, miser non pas sur des cultures les plus performantes mais sur un syst\u00e8me de culture qui soit capable de supporter et de faire face aux incertitudes climatiques, avec des ann\u00e9es tr\u00e8s chaudes et d\u2019autres moins\u00a0\u00bb<\/em>, recommande Christian Huygues.\u00a0 Carina Furusho-Percot confirme\u00a0: <em>\u00ab\u00a0Nous devons passer d\u2019une optique d\u2019optimisation des rendements \u2013 qui fonctionnait avec un climat stable- \u00e0 une logique de robustesse. Cela veut dire qu\u2019il faut viser la stabilit\u00e9 de la production et la diversification des cultures.\u00bb <\/em>Dans le d\u00e9tail, elle recommande de \u00ab <em>s\u2019affranchir de la d\u00e9pendance aux intrants, aux pesticides, aux fertilisants et \u00e0 la p\u00e9trochimie\u00a0\u00bb<\/em>, ce qui aboutit \u00e0 des mod\u00e8les \u00ab <em>\u00a0beaucoup moins vuln\u00e9rables que les grandes monocultures\u00a0\u00bb.\u00a0<\/em><\/p>\n<p style=\"text-align: justify;\">Ces conclusions scientifiques ne sont absolument pas suivies par le gouvernement et les parlementaires fran\u00e7ais, \u00e0 l\u2019instar de la r\u00e9cente <a href=\"https:\/\/bonpote.com\/loi-durgence-agricole-ultime-saccage-du-gouvernement\/\">loi d\u2019urgence agricole <\/a>qui pr\u00e9voit pour toute adaptation des mesures qui visent \u00e0 continuer comme avant. Un exemple\u00a0: le doublement des capacit\u00e9s de stockage d\u2019eau pour l\u2019agriculture d\u2019ici \u00e0 2035. Christian Huygue calcule\u00a0: <em>\u00ab\u00a0Une tr\u00e8s grande bassine peut stocker 600\u00a0000 m3. Avec \u00e7a, vous pouvez arroser 2 \u00e0 300 hectares de ma\u00efs. C\u2019est relativement peu. M\u00eame en le doublant, on voit bien que \u00e7a ne r\u00e9pond pas au probl\u00e8me global\u00a0\u00bb<\/em>. Faire comme si le stockage de l\u2019eau \u00e9tait une r\u00e9ponse technique suffisante au changement climatique est un leurre. D\u2019autant plus que l\u2019\u00e9pisode 2026 a montr\u00e9 qu\u2019irriguer le ma\u00efs ne suffit pas. En effet, au-del\u00e0 d\u2019une certaine temp\u00e9rature, la pollinisation \u00e9choue et les r\u00e9coltes s\u2019effondrent quoi qu\u2019il arrive. Ironie du sort\u00a0: les Deux-S\u00e8vres, o\u00f9 l\u2019on a construit des bassines parfois <a href=\"https:\/\/www.liberation.fr\/environnement\/agriculture\/sainte-soline-la-justice-interdit-les-megabassines-pour-proteger-un-oiseau-en-voie-de-disparition-20241218_TZUZZEYLY5FWRIJZGKASULOOWU\/\">sans respecter la loi<\/a> et jusqu\u2019\u00e0 conduire \u00e0 des affrontements <a href=\"https:\/\/bonpote.com\/les-violences-policieres-a-sainte-soline-pointees-du-doigt-par-les-experts-de-lonu\/\">ultra-violents<\/a>, est l\u2019un des d\u00e9partements <a href=\"https:\/\/www.ouest-france.fr\/meteo\/secheresse\/secheresse-en-deux-sevres-un-desastre-financier-menace-lagriculture-et-toutes-les-filieres-sont-impactees-61756042-8cbb-11f1-bac6-43ee9437487c\">les plus touch\u00e9s<\/a> par les cons\u00e9quences des canicules. Les bassines n\u2019y changent rien.<\/p>\n<p style=\"text-align: justify;\"><a href=\"https:\/\/bonpote.com\/\">https:\/\/bonpote.com\/<\/a><\/p>\n<\/div>\n<\/div>\n","protected":false},"excerpt":{"rendered":"<p>Le choix de l\u2019expansion des hydrocarbures rel\u00e8ve du crime de \u00ab\u00a0globocide\u00a0\u00bb<\/p>\n","protected":false},"author":2,"featured_media":0,"comment_status":"closed","ping_status":"closed","sticky":false,"template":"","format":"standard","meta":{"footnotes":""},"categories":[1],"tags":[],"class_list":["post-16810","post","type-post","status-publish","format-standard","hentry","category-non-classe"],"_links":{"self":[{"href":"https:\/\/www.quieryavenir.fr\/blog\/wp-json\/wp\/v2\/posts\/16810","targetHints":{"allow":["GET"]}}],"collection":[{"href":"https:\/\/www.quieryavenir.fr\/blog\/wp-json\/wp\/v2\/posts"}],"about":[{"href":"https:\/\/www.quieryavenir.fr\/blog\/wp-json\/wp\/v2\/types\/post"}],"author":[{"embeddable":true,"href":"https:\/\/www.quieryavenir.fr\/blog\/wp-json\/wp\/v2\/users\/2"}],"replies":[{"embeddable":true,"href":"https:\/\/www.quieryavenir.fr\/blog\/wp-json\/wp\/v2\/comments?post=16810"}],"version-history":[{"count":1,"href":"https:\/\/www.quieryavenir.fr\/blog\/wp-json\/wp\/v2\/posts\/16810\/revisions"}],"predecessor-version":[{"id":16811,"href":"https:\/\/www.quieryavenir.fr\/blog\/wp-json\/wp\/v2\/posts\/16810\/revisions\/16811"}],"wp:attachment":[{"href":"https:\/\/www.quieryavenir.fr\/blog\/wp-json\/wp\/v2\/media?parent=16810"}],"wp:term":[{"taxonomy":"category","embeddable":true,"href":"https:\/\/www.quieryavenir.fr\/blog\/wp-json\/wp\/v2\/categories?post=16810"},{"taxonomy":"post_tag","embeddable":true,"href":"https:\/\/www.quieryavenir.fr\/blog\/wp-json\/wp\/v2\/tags?post=16810"}],"curies":[{"name":"wp","href":"https:\/\/api.w.org\/{rel}","templated":true}]}}