{"id":16814,"date":"2026-09-04T02:02:12","date_gmt":"2026-09-04T00:02:12","guid":{"rendered":"https:\/\/www.quieryavenir.fr\/blog\/?p=16814"},"modified":"2026-08-30T08:03:41","modified_gmt":"2026-08-30T06:03:41","slug":"edf-et-la-voix-du-nord","status":"publish","type":"post","link":"https:\/\/www.quieryavenir.fr\/blog\/2026\/09\/04\/edf-et-la-voix-du-nord\/","title":{"rendered":"Edf et La voix du nord"},"content":{"rendered":"<p style=\"text-align: justify;\"><img loading=\"lazy\" decoding=\"async\" class=\"wp-image-16803 aligncenter\" src=\"https:\/\/www.quieryavenir.fr\/blog\/wp-content\/uploads\/2026\/08\/Paon-300x240.jpg\" alt=\"\" width=\"466\" height=\"373\" srcset=\"https:\/\/www.quieryavenir.fr\/blog\/wp-content\/uploads\/2026\/08\/Paon-300x240.jpg 300w, https:\/\/www.quieryavenir.fr\/blog\/wp-content\/uploads\/2026\/08\/Paon.jpg 626w\" sizes=\"auto, (max-width: 466px) 100vw, 466px\" \/><\/p>\n<h1><strong><span style=\"font-family: Comic Sans MS;\"><span style=\"font-size: medium;\">Ils donnent une le\u00e7on d\u2019\u00e9ducation aux m\u00e9dias<\/span><\/span><\/strong><\/h1>\n<p><!--more--><\/p>\n<p style=\"text-align: justify;\"><span style=\"font-family: Comic Sans MS;\"><span style=\"font-size: medium;\">Vous connaissez l\u2019\u00ab\u00a0\u00c9ducation aux M\u00e9dias et \u00e0 l\u2019Information\u00a0\u00bb (l\u2019EMI) dispens\u00e9e dans les coll\u00e8ges et lyc\u00e9es\u00a0? Les journalistes de <\/span><\/span><span style=\"font-family: Comic Sans MS;\"><span style=\"font-size: medium;\"><i>La voix du nord<\/i><\/span><\/span><span style=\"font-family: Comic Sans MS;\"><span style=\"font-size: medium;\"> connaissent, <a href=\"https:\/\/www.lavoixdunord.fr\/1568447\/article\/2025-03-25\/education-aux-medias-la-voix-du-nord-s-engage-en-associant-les-jeunes-la\">ils expliquent chaque ann\u00e9e<\/a> \u00e0 des dizaines d\u2019\u00e9l\u00e8ves comment distinguer une information d\u2019une fausse information, un reportage d\u2019une communication, un travail journalistique d\u2019un discours d\u2019influence. Hors ces cours, qu\u2019en est-il\u00a0?<br \/>\nMercredi 1<\/span><\/span><sup><span style=\"font-family: Comic Sans MS;\"><span style=\"font-size: medium;\">er<\/span><\/span><\/sup><span style=\"font-family: Comic Sans MS;\"><span style=\"font-size: medium;\"> juillet 2026, le r\u00e9dac chef adjoint de <\/span><\/span><span style=\"font-family: Comic Sans MS;\"><span style=\"font-size: medium;\"><i>La voix du nord<\/i><\/span><\/span><span style=\"font-family: Comic Sans MS;\"><span style=\"font-size: medium;\"> Olivier Merlin pr\u00e9sentait au peuple de Dunkerque une situation r\u00e9elle d\u2019int\u00e9grit\u00e9 journalistique, en animant un \u00ab\u00a0d\u00e9bat exceptionnel\u00a0\u00bb sur \u00ab\u00a0l\u2019avenir de la Centrale nucl\u00e9aire de Gravelines\u00a0\u00bb. Organis\u00e9 avec le concours d\u2019Edf, le d\u00e9bat r\u00e9servait la parole \u00e0 Edf, au plus gros client d\u2019Edf, et aux maires des communes o\u00f9 turbine la centrale d\u2019Edf &#8211; le journal r\u00e9gional accompagnant son d\u00e9bat d\u2019un <a href=\"https:\/\/www.lavoixdunord.fr\/1716579\/article\/2026-06-28\/notre-supplement-special-sur-la-centrale-de-gravelines-un-geant-nucleaire-face-l\">suppl\u00e9ment sponsoris\u00e9 par Edf<\/a> afin de \u00ab\u00a0d\u00e9crypter les enjeux qui fa\u00e7onnent ce\u00a0pilier de la production \u00e9lectrique fran\u00e7aise et de l\u2019\u00e9conomie locale\u00a0\u00bb. Nous \u00e9tions au d\u00e9bat, et voici les quelques le\u00e7ons d\u2019\u00e9ducation \u00e0 l\u2019information que nous avons retenues.<\/span><\/span><\/p>\n<p style=\"text-align: justify;\"><span style=\"font-family: Comic Sans MS;\"><span style=\"font-size: medium;\">Il est 10h sur la digue en ce d\u00e9but d\u2019\u00e9t\u00e9. La centaine d\u2019inscrits au d\u00e9bat propos\u00e9 par <i>La voix du nord<\/i> se presse pour assister \u00e0 la matin\u00e9e \u00ab\u00a0Ensemble, l\u2019histoire continue\u00a0\u00bb, dans le forum du Laac, le Lieu d\u2019Art et d\u2019Action Contemporaine. D\u2019ici, c\u2019est assez rare pour le souligner, l\u2019horizon n\u2019est pas g\u00e2ch\u00e9 par les chemin\u00e9es d\u2019Arcelor, il a \u00e9t\u00e9 bouch\u00e9 par une digue. L\u2019accueil est d\u00e9licieux. Le d\u00e9bat sera cordial. \u00ab\u00a0Cette punchline qu\u2019on vous propose [Ensemble, l\u2019histoire continue] dit \u00e0 la fois l\u2019ancrage d\u2019un site industriel pr\u00e9sent depuis plus de 40\u00a0ans et l\u2019importance de se projeter collectivement&#8230;\u00a0\u00bb, se projette d\u00e9j\u00e0 Olivier Merlin. Gravelines, 6 r\u00e9acteurs de 900 Mwe, pr\u00e9voit deux EPR de 1 670 MWe pour 2038.<\/span><\/span><\/p>\n<p style=\"text-align: justify;\"><span style=\"font-family: Comic Sans MS;\"><span style=\"font-size: medium;\">Nicolas Fostier, le Directeur de l\u2019innovation du groupe Rossel M\u00e9dias, propri\u00e9taire du seul quotidien r\u00e9gional des Hauts-de-France, ne cache pas son \u00e9moi devant le r\u00f4le citoyen de son groupe de presse\u00a0: \u00ab\u00a0Ce matin, nous parlons d\u2019\u00e9lectricit\u00e9, d\u2019industrie, d\u2019emplois, de s\u00fbret\u00e9, de dialogue avec les habitants, de transparence, de responsabilit\u00e9. Notre volont\u00e9 est simple\u00a0: \u00e9clairer, expliquer, donner \u00e0 comprendre, sans d\u00e9tour inutile ni pol\u00e9mique artificielle.\u00a0\u00bb<\/span><\/span><\/p>\n<p style=\"text-align: justify;\"><span style=\"font-family: Comic Sans MS;\"><span style=\"font-size: medium;\">Vendons la m\u00e8che tout de suite\u00a0: de pol\u00e9mique, artificielle ou naturelle, il n\u2019y en aura gu\u00e8re. Rien sur le co\u00fbt des EPRs. Rien sur les d\u00e9chets. Rien sur les retards de Flamanville. Rien sur l\u2019approvisionnement en uranium russe. Rien sur les risques de submersion marine. La critique n\u2019\u00e9tait pas interdite, elle \u00e9tait seulement contrainte par le cadre du d\u00e9bat \u2013 et la qualit\u00e9 des d\u00e9batteurs. Ces quelques le\u00e7ons de <\/span><\/span><span style=\"font-family: Comic Sans MS;\"><span style=\"font-size: medium;\"><i>journalisme r\u00e9el<\/i><\/span><\/span><span style=\"font-family: Comic Sans MS;\"><span style=\"font-size: medium;\"> aideront les participants des futures <a href=\"https:\/\/www.lavoixdunord.fr\/1687227\/article\/2026-03-23\/des-collegiens-dans-les-coulisses-de-la-voix-du-nord-pour-decouvrir-la-fabrique\">\u00ab\u00a0journ\u00e9es immersives dans les coulisses du journal\u00a0\u00bb<\/a> \u00e0 confondre brillamment journalisme et communication.<\/span><\/span><\/p>\n<p style=\"text-align: justify;\"><span style=\"font-family: Comic Sans MS;\"><span style=\"font-size: medium;\"><b>Le\u00e7on n\u00b01 <\/b><\/span><\/span><\/p>\n<p style=\"text-align: justify;\"><span style=\"font-family: Comic Sans MS;\"><span style=\"font-size: medium;\"><b>Poser les bonnes questions suscite les bonnes r\u00e9ponses<\/b><\/span><\/span><\/p>\n<p style=\"text-align: justify;\"><span style=\"font-family: Comic Sans MS;\"><span style=\"font-size: medium;\">\u00ab\u00a0EDF, Partenaire de la r\u00e9volution industrielle en cours\u00a0?, lance Olivier Merlin \u00e0 ses co-tribuns.<br \/>\nDepuis maintenant une douzaine d\u2019ann\u00e9es, on a fait le choix de devenir le territoire privil\u00e9gi\u00e9 d\u2019implantation des industries d\u00e9carbon\u00e9es du 21<sup>\u00e8me<\/sup> si\u00e8cle\u00a0\u00bb, pr\u00e9cise Patrice Vergriete, le pr\u00e9sident de l\u2019agglo.<br \/>\nDonc sans la centrale, pas de renouveau industriel. C\u2019est dit\u00a0\u00bb, conclut Merlin, qui cl\u00f4t le d\u00e9bat d\u00e8s l\u2019introduction du d\u00e9bat.<\/span><\/span><\/p>\n<p style=\"text-align: justify;\"><span style=\"font-family: Comic Sans MS;\"><span style=\"font-size: medium;\">Une op\u00e9ration de communication r\u00e9ussie n\u2019interdit pas la critique, elle la rend caduque. Si le cadre du d\u00e9bat est la r\u00e9industrialisation, la d\u00e9carbonation, l\u2019emploi, la souverainet\u00e9 nationale, alors le nucl\u00e9aire s\u2019impose de lui-m\u00eame. Seule compte d\u00e9sormais la bonne mise en \u0153uvre du projet.<\/span><\/span><\/p>\n<p style=\"text-align: justify;\"><span style=\"font-family: Comic Sans MS;\"><span style=\"font-size: medium;\"><b>Le\u00e7on n\u00b02\u00a0 <\/b><\/span><\/span><\/p>\n<p style=\"text-align: justify;\"><span style=\"font-family: Comic Sans MS;\"><span style=\"font-size: medium;\"><b>Cr\u00e9er un rapport de proximit\u00e9 avec le \u00ab\u00a0territoire\u00a0\u00bb<\/b><\/span><\/span><\/p>\n<p style=\"text-align: justify;\"><span style=\"font-family: Comic Sans MS;\"><span style=\"font-size: medium;\">Patrice Vergriete, polytechnicien maire de Dunkerque, croit qu\u2019il faut encore besoin de gagner l\u2019adh\u00e9sion populaire \u00e0 ses desseins industriels\u00a0: \u00ab\u00a0Je pense qu\u2019il est temps, au moment o\u00f9 on r\u00e9industrialise le territoire, de reconstruire ce lien entre les industriels et la population. Je pense que Edf peut \u00eatre cette industrie qui va emmener les entreprises vers une nouvelle relation des habitants \u00e0 l\u2019industrie, leur faisant accepter que l\u2019industrie peut aussi apporter des choses au quotidien dans la vie de la cit\u00e9.\u00a0\u00bb<br \/>\nLes expressions \u00ab\u00a0bon voisin\u00a0\u00bb, \u00ab\u00a0histoire commune\u00a0\u00bb, \u00ab\u00a0ancrage\u00a0\u00bb, \u00ab\u00a0jeune dame\u00a0\u00bb, \u00ab\u00a0implantation racinaire\u00a0\u00bb, rapprochent l\u2019usine de ses riverains\u00a0: la centrale n\u2019est plus une grosse turbine actionn\u00e9e par fission atomique mais un membre de la famille.<\/span><\/span><\/p>\n<p style=\"text-align: justify;\"><span style=\"font-family: Comic Sans MS;\"><span style=\"font-size: medium;\">Tout \u00e9tudiant en journalisme conna\u00eet la \u00ab\u00a0Loi de proximit\u00e9\u00a0\u00bb. Or, qui mieux qu\u2019un journal r\u00e9gional peut tisser un lien de proximit\u00e9 avec un \u00ab\u00a0territoire\u00a0\u00bb\u00a0? En plus d\u2019un <a href=\"https:\/\/www.lavoixdunord.fr\/1716579\/article\/2026-06-28\/notre-supplement-special-sur-la-centrale-de-gravelines-un-geant-nucleaire-face-l\">suppl\u00e9ment sp\u00e9cial<\/a> accompagn\u00e9 de moult <\/span><\/span><span style=\"font-family: Comic Sans MS;\"><span style=\"font-size: medium;\"><i>goodies<\/i><\/span><\/span><span style=\"font-family: Comic Sans MS;\"><span style=\"font-size: medium;\"> sigl\u00e9s d\u2019Edf, <\/span><\/span><span style=\"font-family: Comic Sans MS;\"><span style=\"font-size: medium;\"><i>La voix<\/i><\/span><\/span><span style=\"font-family: Comic Sans MS;\"><span style=\"font-size: medium;\"> propose \u00e0 ses lecteurs des visites de la centrale, un temps privil\u00e9gi\u00e9 avec le directeur intitul\u00e9 \u00ab\u00a0Face aux lecteurs\u00a0\u00bb, une s\u00e9rie de vid\u00e9os courtes dignes d\u2019une communication d\u2019entreprise, un espace \u00e9ditorial d\u00e9di\u00e9 au renouveau industriel\u00a0: \u00ab\u00a0Demain Dunkerque\u00a0\u00bb, parce que \u00ab\u00a0demain s\u2019annonce prometteur\u00a0[<a href=\"https:\/\/renart.info\/Edf-et-La-voix-du-nord-donnent-une-lecon-d-education-aux-medias#nb1\">1<\/a>].\u00a0\u00bb.<\/span><\/span><\/p>\n<p style=\"text-align: justify;\"><span style=\"font-family: Comic Sans MS;\"><span style=\"font-size: medium;\"><b>Le\u00e7on n\u00b03\u00a0 <\/b><\/span><\/span><\/p>\n<p style=\"text-align: justify;\"><span style=\"font-family: Comic Sans MS;\"><span style=\"font-size: medium;\"><b>Focaliser sur les questions techniques<\/b><\/span><\/span><\/p>\n<p style=\"text-align: justify;\"><span style=\"font-family: Comic Sans MS;\"><span style=\"font-size: medium;\">Apr\u00e8s Hiroshima et Nagasaki, Tchernobyl et Fukushima, la \u00ab\u00a0s\u00fbret\u00e9\u00a0\u00bb atomique est \u00e0 jamais un sujet d\u00e9licat\u00a0: \u00ab\u00a0Il ne faut jamais baisser la garde, alerte Patrice Vergriete. Toujours penser qu\u2019on a \u00e0 c\u00f4t\u00e9 de nous une centrale nucl\u00e9aire, la plus grande d\u2019Europe occidentale, et juste \u00e0 c\u00f4t\u00e9 17 sites Seveso.\u00a0\u00bb Le maire de Gravelines prend sa voix d\u2019ing\u00e9nieur pour pr\u00e9ciser\u00a0: \u00ab\u00a0On a tir\u00e9 les enseignements de ce qui s\u2019est pass\u00e9 \u00e0 Fukushima. La probabilit\u00e9 que \u00e7a puisse se passer ici \u00e0 Gravelines est, je ne veux pas dire 0, rien n\u2019est \u00e0 0 en probabilit\u00e9, mais la France a r\u00e9agi par rapport \u00e0 cet \u00e9v\u00e9nement et a su mobiliser les moyens pour le faire.\u00a0\u00bb<\/span><\/span><\/p>\n<p style=\"text-align: justify;\"><span style=\"font-family: Comic Sans MS;\"><span style=\"font-size: medium;\">Une op\u00e9ration de com\u2019 ne questionne ni les causes ni les finalit\u00e9s d\u2019un projet, seulement sa mise en \u0153uvre. Quand bien m\u00eame des petits soucis de fonctionnement porteraient une charge apocalyptique, ils permettent de d\u00e9politiser le d\u00e9bat\u00a0: \u00ab\u00a0Nous avons ajout\u00e9 de nouveaux moyens de secours \u00e9lectriques, des diesels suppl\u00e9mentaires, des diesels d\u2019ultimes secours&#8230; Onze m\u00e8tres, c\u2019est la taille du mur construit autour du site de Gravelines. Il doit prot\u00e9ger la centrale en cas de mont\u00e9e des eaux\u2026\u00a0\u00bb, sourcille la directrice strat\u00e9gie d\u2019Edf Sylvie Richard.<\/span><\/span><\/p>\n<p style=\"text-align: justify;\"><span style=\"font-family: Comic Sans MS;\"><span style=\"font-size: medium;\">Relever un challenge technique devient un acte de bravoure, et le respect des conditions minimales de vie sur terre une preuve de g\u00e9n\u00e9rosit\u00e9\u00a0: \u00ab\u00a0Il n\u2019y a pas de dialogue, et il n\u2019y a pas de nucl\u00e9aire, sans s\u00fbret\u00e9 et sans confiance. Un nucl\u00e9aire doit \u00eatre s\u00fbr et un nucl\u00e9aire doit g\u00e9n\u00e9rer la confiance, c\u2019est un pacte qu\u2019on a avec le territoire\u00a0\u00bb, s\u2019envole\u00a0le pr\u00e9pos\u00e9 aux <i>public relations<\/i> d\u2019Edf.<\/span><\/span><\/p>\n<p style=\"text-align: justify;\"><span style=\"font-family: Comic Sans MS;\"><span style=\"font-size: medium;\"><b>Le\u00e7on n\u00b0\u00a04 <\/b><\/span><\/span><\/p>\n<p style=\"text-align: justify;\"><span style=\"font-family: Comic Sans MS;\"><span style=\"font-size: medium;\"><b>Enrober la s\u00e9cheresse technique d\u2019un vocabulaire grandiose<\/b><\/span><\/span><\/p>\n<p style=\"text-align: justify;\"><span style=\"font-family: Comic Sans MS;\"><span style=\"font-size: medium;\">L\u2019emploi d\u2019un vocabulaire positif &#8211; \u00ab\u00a0confiance\u00a0\u00bb, \u00ab\u00a0transition\u00a0\u00bb, \u00ab\u00a0responsabilit\u00e9\u00a0\u00bb, \u00ab\u00a0dialogue\u00a0\u00bb, \u00ab\u00a0transparence\u00a0\u00bb, \u00ab\u00a0exigence\u00a0\u00bb &#8211; peut permettre\u00a0de contourner les blocages. Mais il s\u2019av\u00e8re vite ennuyeux. Alterner avec un vocabulaire grandiloquent s\u2019av\u00e8re utile pour conserver l\u2019attention sinon m\u00e9duser l\u2019auditoire\u00a0:<br \/>\n\u00ab\u00a0Edf, pour moi, c\u2019est comme une arm\u00e9e pour une nation. Elle te pose sur la table des grands, juge le directeur d\u2019Aluminium Dunkerque, Youssef El Hariri,\u00a0plus gros client industriel d\u2019Edf en France.<br \/>\nMerci beaucoup de cette bouff\u00e9e d\u2019optimisme. Ce sont des propos inspirants. \u00c7a fait du bien\u2026\u00a0\u00bb l\u00e9nifient encore Olivier Merlin et Nicolas Fostier.<\/span><\/span><\/p>\n<p style=\"text-align: justify;\"><span style=\"font-family: Comic Sans MS;\"><span style=\"font-size: medium;\"><b>Conclusion<\/b><\/span><\/span><\/p>\n<p style=\"text-align: justify;\"><span style=\"font-family: Comic Sans MS;\"><span style=\"font-size: medium;\">Nous avions r\u00e9v\u00e9l\u00e9 <a href=\"https:\/\/chez.renart.info\/Universites-quand-les-industriels-redigent-les-preches-sur-la-Transition\">dans un pr\u00e9c\u00e9dent article<\/a> comment les universit\u00e9s se font les relais id\u00e9ologiques des industriels de la transition. <\/span><\/span><span style=\"font-family: Comic Sans MS;\"><span style=\"font-size: medium;\"><i>La voix du nord<\/i><\/span><\/span><span style=\"font-family: Comic Sans MS;\"><span style=\"font-size: medium;\"> s\u2019est livr\u00e9e \u00e0 une op\u00e9ration comparable. Universit\u00e9s, collectivit\u00e9s, m\u00e9dias\u00a0: chacun concourt \u00e0 faire de la \u00ab\u00a0r\u00e9industrialisation\u00a0\u00bb une \u00e9vidence \u2013 quand bien m\u00eame la population dunkerquoise est <\/span><\/span><span style=\"font-family: Comic Sans MS;\"><span style=\"font-size: medium;\"><i>d\u00e9j\u00e0<\/i><\/span><\/span><span style=\"font-family: Comic Sans MS;\"><span style=\"font-size: medium;\"> d\u00e9pendante des industries les plus lourdes et polluantes d\u2019Europe.<\/span><\/span><\/p>\n<p style=\"text-align: justify;\"><span style=\"font-family: Comic Sans MS;\"><span style=\"font-size: medium;\">Mais le nucl\u00e9aire, par ses cons\u00e9quences apocalyptiques, reste un sujet \u00e0 part qui n\u00e9cessite les meilleurs soins. Alors qu\u2019\u00e0 Tchernobyl le pouvoir nucl\u00e9aire (sovi\u00e9tique et occidental) s\u2019\u00e9tait entour\u00e9 d\u2019une \u00e9paisse enceinte de secret-d\u00e9fense, depuis Fukushima, il gagne les c\u0153urs par bourrage de cr\u00e2ne\u00a0[<a href=\"https:\/\/renart.info\/Edf-et-La-voix-du-nord-donnent-une-lecon-d-education-aux-medias#nb2\">2<\/a>]. R\u00e9unions publiques, commissions locales d\u2019information, d\u00e9bats, visites scolaires, partenariats m\u00e9diatiques\u00a0: cette pseudo-transparence, quoi qu\u2019elle se pr\u00e9sente sous le jour d\u2019un \u00ab\u00a0d\u00e9bat\u00a0\u00bb, n\u2019est jamais qu\u2019un dispositif de l\u00e9gitimation. La directrice strat\u00e9gie d\u2019Edf Sylvie Richard est sortie \u00ab\u00a0Ravie d\u2019avoir eu l\u2019opportunit\u00e9 de participer \u00e0 ces rencontres territoriales \u00e0 Dunkerque, autour de la centrale de Gravelines\u00a0\u00bb, raconte-t-elle sur sa page Linkedin. Et encore merci \u00e0 <\/span><\/span><span style=\"font-family: Comic Sans MS;\"><span style=\"font-size: medium;\"><i>La voix du nord<\/i><\/span><\/span><span style=\"font-family: Comic Sans MS;\"><span style=\"font-size: medium;\">.<\/span><\/span><\/p>\n<p style=\"text-align: justify;\"><span style=\"font-family: Comic Sans MS;\"><span style=\"font-size: medium;\">Une communication efficace, mont\u00e9e par un m\u00e9dia d\u2019information digne d\u2019\u00e9duquer la jeunesse, n\u2019a pas besoin d\u2019inventer des faits, pour organiser le r\u00e9el de mani\u00e8re \u00e0 ce que certaines hypoth\u00e8ses deviennent impensables, certains int\u00e9r\u00eats invisibles, certaines questions finalement inconvenantes. Comme celle-ci, adress\u00e9e sur le \u00ab\u00a0chat\u00a0\u00bb de la rencontre, mais qui n\u2019a pas franchi le filtre journalistique\u00a0: \u00ab\u00a0Cette id\u00e9e de transition vers des \u00e9nergies bas-carbone ne masque-t-elle pas une fuite en avant vers plus de production\u00a0? Notre histoire industrielle t\u00e9moigne pourtant que l\u2019intensification de la production intensifie aussi les nuisances\u00a0?\u00a0\u00bb La question \u00e9tait sans doute mal pos\u00e9e. Ou elle n\u2019\u00e9tait pas pos\u00e9e aux bonnes personnes.<\/span><\/span><\/p>\n<p style=\"text-align: justify;\"><span style=\"font-family: Comic Sans MS;\"><span style=\"font-size: medium;\">** **<\/span><\/span><\/p>\n<p style=\"text-align: justify;\"><span style=\"font-family: Comic Sans MS;\"><span style=\"font-size: medium;\"><b>Notes<\/b><\/span><\/span><\/p>\n<p style=\"text-align: justify;\"><span style=\"font-family: Comic Sans MS;\"><span style=\"font-size: medium;\">[<a href=\"https:\/\/renart.info\/Edf-et-La-voix-du-nord-donnent-une-lecon-d-education-aux-medias#nh1\">1<\/a>]\u00a0<\/span><\/span><span style=\"font-family: Comic Sans MS;\"><span style=\"font-size: medium;\"><i>La voix du nord<\/i><\/span><\/span><span style=\"font-family: Comic Sans MS;\"><span style=\"font-size: medium;\">, 19 juin 2024<\/span><\/span><\/p>\n<p style=\"text-align: justify;\"><span style=\"font-family: Comic Sans MS;\"><span style=\"font-size: medium;\">[<a href=\"https:\/\/renart.info\/Edf-et-La-voix-du-nord-donnent-une-lecon-d-education-aux-medias#nh2\">2<\/a>]\u00a0Cf. <\/span><\/span><span style=\"font-family: Comic Sans MS;\"><span style=\"font-size: medium;\"><i>Histoire lacunaire de l\u2019opposition \u00e0 l\u2019\u00e9nergie nucl\u00e9aire en France<\/i><\/span><\/span><span style=\"font-family: Comic Sans MS;\"><span style=\"font-size: medium;\">, \u00c9ditions de la Lenteur, 2007.<\/span><\/span><\/p>\n<p style=\"text-align: justify;\"><span style=\"font-family: Comic Sans MS, cursive;\">renart.info<\/span><\/p>\n","protected":false},"excerpt":{"rendered":"<p>Ils donnent une le\u00e7on d\u2019\u00e9ducation aux m\u00e9dias<\/p>\n","protected":false},"author":2,"featured_media":0,"comment_status":"closed","ping_status":"closed","sticky":false,"template":"","format":"standard","meta":{"footnotes":""},"categories":[1],"tags":[],"class_list":["post-16814","post","type-post","status-publish","format-standard","hentry","category-non-classe"],"_links":{"self":[{"href":"https:\/\/www.quieryavenir.fr\/blog\/wp-json\/wp\/v2\/posts\/16814","targetHints":{"allow":["GET"]}}],"collection":[{"href":"https:\/\/www.quieryavenir.fr\/blog\/wp-json\/wp\/v2\/posts"}],"about":[{"href":"https:\/\/www.quieryavenir.fr\/blog\/wp-json\/wp\/v2\/types\/post"}],"author":[{"embeddable":true,"href":"https:\/\/www.quieryavenir.fr\/blog\/wp-json\/wp\/v2\/users\/2"}],"replies":[{"embeddable":true,"href":"https:\/\/www.quieryavenir.fr\/blog\/wp-json\/wp\/v2\/comments?post=16814"}],"version-history":[{"count":2,"href":"https:\/\/www.quieryavenir.fr\/blog\/wp-json\/wp\/v2\/posts\/16814\/revisions"}],"predecessor-version":[{"id":16816,"href":"https:\/\/www.quieryavenir.fr\/blog\/wp-json\/wp\/v2\/posts\/16814\/revisions\/16816"}],"wp:attachment":[{"href":"https:\/\/www.quieryavenir.fr\/blog\/wp-json\/wp\/v2\/media?parent=16814"}],"wp:term":[{"taxonomy":"category","embeddable":true,"href":"https:\/\/www.quieryavenir.fr\/blog\/wp-json\/wp\/v2\/categories?post=16814"},{"taxonomy":"post_tag","embeddable":true,"href":"https:\/\/www.quieryavenir.fr\/blog\/wp-json\/wp\/v2\/tags?post=16814"}],"curies":[{"name":"wp","href":"https:\/\/api.w.org\/{rel}","templated":true}]}}