{"id":1878,"date":"2017-11-09T01:05:02","date_gmt":"2017-11-09T00:05:02","guid":{"rendered":"http:\/\/www.quieryavenir.fr\/blog\/?p=1878"},"modified":"2018-08-06T11:10:29","modified_gmt":"2018-08-06T09:10:29","slug":"centrale-a-charbon","status":"publish","type":"post","link":"https:\/\/www.quieryavenir.fr\/blog\/2017\/11\/09\/centrale-a-charbon\/","title":{"rendered":"Centrale \u00e0 charbon"},"content":{"rendered":"<p style=\"text-align: justify;\">Edouard Philippe va-t-il enfin accepter de fermer celle existant au Havre\u00a0?<\/p>\n<p><!--more--><\/p>\n<p style=\"text-align: justify;\">Alors que des milliers de militants pour la justice climatique ont occup\u00e9 la plus grande mine de charbon allemande \u00e0 la veille de l&rsquo;ouverture de la COP23, il est urgent de confirmer et planifier la fermeture des derni\u00e8res centrales \u00e0 charbon en France, y compris celle du Havre o\u00f9 l&rsquo;ancien maire et actuel Premier ministre, Edouard Philippe, s&rsquo;y est toujours oppos\u00e9. Make our Planet Great Again ?<\/p>\n<p style=\"text-align: center;\">**********\u00a0\u00a0\u00a0\u00a0\u00a0\u00a0\u00a0\u00a0\u00a0\u00a0\u00a0 **************<\/p>\n<p style=\"text-align: justify;\"><strong>Des ONG lancent une campagne pour acc\u00e9l\u00e9rer la sortie du charbon en Europe<\/strong><\/p>\n<p style=\"text-align: justify;\">Le 3 novembre, une trentaine d&rsquo;association \u00e9cologistes ont lanc\u00e9 la campagne <em>Europe Beyond Coal<\/em> pour <em>\u00ab\u00a0acc\u00e9l\u00e9rer la <a href=\"https:\/\/www.actu-environnement.com\/ae\/news\/onu-environnement-carbone-atmosphere-cop23-29953.php4\">sortie du charbon<\/a> dans toute l&rsquo;Union europ\u00e9enne\u00a0\u00bb<\/em>. Les ONG europ\u00e9ennes s&rsquo;inspirent de la campagne am\u00e9ricaine <em>Beyond Coal<\/em>, lanc\u00e9e en 2010 par le Sierra Club. Parmi les signataires europ\u00e9ens figurent Greenpeace, le WWF, le R\u00e9seau Action Climat (RAC), les Amis de la Terre, le Bureau europ\u00e9en de l&rsquo;environnement (BEE), Client Earth ou encore Banktrack.<\/p>\n<p style=\"text-align: left;\"><a href=\"https:\/\/www.actu-environnement.com\/ae\/news\/climat-cop23-beyond-coal-europe-charbon-sortie-29976.php4#xtor=ES-6\">https:\/\/www.actu-environnement.com\/ae\/news\/climat-cop23-beyond-coal-europe-charbon-sortie-29976.php4#xtor=ES-6<\/a><\/p>\n<p style=\"text-align: justify;\">\n<p style=\"text-align: center;\">*************\u00a0\u00a0\u00a0\u00a0\u00a0\u00a0\u00a0\u00a0\u00a0\u00a0\u00a0\u00a0\u00a0\u00a0\u00a0\u00a0 ******************<\/p>\n<p style=\"text-align: justify;\">Environ 4500 militants pour la justice climatique ont pris possession, ce dimanche 5 novembre, de ce qui est l&rsquo;une des plus grandes mines de charbon \u00e0 ciel ouvert en Allemagne. Par leurs corps et leur simple pr\u00e9sence, les militant.e.s ont oblig\u00e9 RWE, l&rsquo;op\u00e9rateur de la mine, \u00e0 stopper les op\u00e9rations\u00a0d&rsquo;immenses excavatrices qui extraient le lignite en d\u00e9coupant le sol sur des dizaines de m\u00e8tres de hauteur. Profonde de 370 m\u00e8tres, dont une bonne partie se situe d\u00e9sormais sous le niveau de la mer, la mine de Hambach exploite un champs de lignite qui s&rsquo;\u00e9tend sur 85km2, soit l&rsquo;\u00e9quivalent de 80% de la surface de Paris.<\/p>\n<p style=\"text-align: justify;\">Acte 2 des mobilisations citoyennes pour la transition \u00e9nerg\u00e9tique en Allemagne, le mouvement Ende Gelaende vise \u00e0 obtenir, apr\u00e8s la sortie programm\u00e9e du nucl\u00e9aire, la programmation de la fermeture des centrales \u00e0 charbon et des mines de charbon en Allemagne. Apr\u00e8s le succ\u00e8s des actions de m\u00eame nature organis\u00e9es <a href=\"https:\/\/www.youtube.com\/watch?v=vC5Faqbw0Hg\"><strong>en ao\u00fbt 2015<\/strong><\/a>, <a href=\"https:\/\/www.youtube.com\/watch?v=xa0dTUQL-Eo\"><strong>mai 2016<\/strong><\/a> et <a href=\"https:\/\/anv-cop21.org\/ende-gelande-2017-mobilisation-europeenne-de-masse-contre-charbon\/\"><strong>ao\u00fbt 2017<\/strong><\/a>, l&rsquo;action de ce 4 novembre, \u00e0 la veille de la COP23, visait notamment \u00e0 montrer que l&rsquo;Allemagne, et plus largement les pays europ\u00e9ens, doivent arr\u00eater de tergiverser en mati\u00e8re de transition \u00e9nerg\u00e9tique. Il en va de l&rsquo;avenir des \u00eeles du Pacifique \u2013 les \u00eeles Fidji pr\u00e9sident la COP23 \u2013 comme de la possibilit\u00e9 de r\u00e9ellement contenir le r\u00e9chauffement climatique en de\u00e7\u00e0 des 2\u00b0C tel que le pr\u00e9voit l&rsquo;article 2 de l&rsquo;Accord de Paris.<\/p>\n<p style=\"text-align: justify;\"><strong>Charbon ou Accord de Paris, il faut choisir\u00a0!<\/strong><\/p>\n<p style=\"text-align: justify;\">Dans <a href=\"https:\/\/blogs.mediapart.fr\/maxime-combes\/blog\/031117\/urgence-climatique-faut-il-enterrer-lobjectif-des-2-c\"><strong>son rapport<\/strong><\/a> qui a fait grand bruit la semaine derni\u00e8re, le PNUE, qui montrait le foss\u00e9 existant entre les politiques climatiques des Etats et ce qu&rsquo;ils devraient faire pour respecter cet objectif des 2\u00b0C, appelle les Etats de la plan\u00e8te de planifier et organiser une fermeture aussi rapide que possible des 6 683 centrales \u00e0 charbon en activit\u00e9 \u2013 l&rsquo;\u00e9quivalent de 1964 gigawatts. La combustion du charbon rejette en effet 45% des \u00e9missions mondiales de CO2 li\u00e9es au secteur \u00e9nerg\u00e9tique, auxquelles il faut ajouter d&rsquo;autres gaz \u00e0 effet de serre et une importante quantit\u00e9 de particules fines.<\/p>\n<p style=\"text-align: center;\"><img loading=\"lazy\" decoding=\"async\" class=\"alignnone size-medium wp-image-1880\" src=\"http:\/\/www.quieryavenir.fr\/blog\/wp-content\/uploads\/2017\/11\/GlobalCoal-171107-300x272.jpg\" alt=\"\" width=\"300\" height=\"272\" srcset=\"https:\/\/www.quieryavenir.fr\/blog\/wp-content\/uploads\/2017\/11\/GlobalCoal-171107-300x272.jpg 300w, https:\/\/www.quieryavenir.fr\/blog\/wp-content\/uploads\/2017\/11\/GlobalCoal-171107-768x696.jpg 768w, https:\/\/www.quieryavenir.fr\/blog\/wp-content\/uploads\/2017\/11\/GlobalCoal-171107.jpg 834w\" sizes=\"auto, (max-width: 300px) 100vw, 300px\" \/><\/p>\n<p style=\"text-align: justify;\">La consommation mondiale de charbon n&rsquo;a jamais \u00e9t\u00e9 aussi forte dans l&rsquo;histoire<\/p>\n<p style=\"text-align: justify;\">La consommation de charbon, loin de se r\u00e9duire, continue \u00e0 cro\u00eetre (4% par an entre 2000 et 2013 \u2013 moins depuis) et que l&rsquo;\u00e9quivalent de 840 gigawatts de capacit\u00e9s sont en construction \u00e0 travers le monde. Jamais le syst\u00e8me \u00e9conomique mondial n&rsquo;a br\u00fbl\u00e9 autant de charbon alors que ce sont 90% des r\u00e9serves mondiales de charbon qui ne doivent pas \u00eatre exploit\u00e9es si l&rsquo;on veut r\u00e9ellement rester en de\u00e7\u00e0 des 2\u00b0C de r\u00e9chauffement. D&rsquo;o\u00f9 l&rsquo;importance de cette mobilisation citoyenne qui prend \u00e0 t\u00e9moin l&rsquo;ensemble de la communaut\u00e9 internationale\u00a0: il est urgent de sortir du charbon.<\/p>\n<p style=\"text-align: justify;\"><strong>Et en France\u00a0? <\/strong><\/p>\n<p style=\"text-align: justify;\">Utilis\u00e9es en cas de pic de consommation, les cinq centrales \u00e0 charbon en France ne repr\u00e9sentent plus que 2,3\u00a0% de la capacit\u00e9 de production \u00e9lectrique install\u00e9e (3000 MW) et \u00e0 peine 1,4\u00a0% de l\u2019\u00e9nergie produite selon les donn\u00e9es de RTE. L&rsquo;allemand Uniper (Ex-E. on) est propri\u00e9taire des centrales de Gardanne (Bouches-du-Rh\u00f4ne) et d\u2019Emile-Huchet (Moselle) tandis qu&rsquo;EDF poss\u00e8de celle de Cordemais (Loire-Atlantique) (deux tranches) et du Havre (Seine-Maritime). <a href=\"http:\/\/tempsreel.nouvelobs.com\/topnews\/20160712.REU2864\/vers-la-fin-des-centrales-a-charbon-en-france.html\"><strong>Annonc\u00e9e<\/strong><\/a> par S\u00e9gol\u00e8ne Royal en juillet 2016, la fermeture des centrales charbon fran\u00e7aises a \u00e9t\u00e9 <a href=\"http:\/\/www.lefigaro.fr\/conjoncture\/2016\/10\/21\/20002-20161021ARTFIG00322-la-france-donne-un-sursis-a-ses-centrales-a-charbon.php\"><strong>report\u00e9e<\/strong><\/a> quatre mois plus tard, notamment suite \u00e0 la mobilisation du maire du Havre, Edouard Philippe.<\/p>\n<p style=\"text-align: center;\"><img loading=\"lazy\" decoding=\"async\" class=\"alignnone size-medium wp-image-1881\" src=\"http:\/\/www.quieryavenir.fr\/blog\/wp-content\/uploads\/2017\/11\/Carte_CentralesEurope-171107-1-300x160.jpg\" alt=\"\" width=\"300\" height=\"160\" srcset=\"https:\/\/www.quieryavenir.fr\/blog\/wp-content\/uploads\/2017\/11\/Carte_CentralesEurope-171107-1-300x160.jpg 300w, https:\/\/www.quieryavenir.fr\/blog\/wp-content\/uploads\/2017\/11\/Carte_CentralesEurope-171107-1-768x409.jpg 768w, https:\/\/www.quieryavenir.fr\/blog\/wp-content\/uploads\/2017\/11\/Carte_CentralesEurope-171107-1-1024x546.jpg 1024w, https:\/\/www.quieryavenir.fr\/blog\/wp-content\/uploads\/2017\/11\/Carte_CentralesEurope-171107-1.jpg 1253w\" sizes=\"auto, (max-width: 300px) 100vw, 300px\" \/><\/p>\n<p style=\"text-align: justify;\">La carte des 30 centrales \u00e0 charbon en Europe les plus \u00e9mettrices de CO2<\/p>\n<p style=\"text-align: justify;\">Reprise dans <a href=\"http:\/\/www.gouvernement.fr\/action\/plan-climat\"><strong>le plan climat<\/strong><\/a> que Nicolas Hulot a pr\u00e9sent\u00e9 en juillet 2017, la fermeture des centrales \u00e0 charbon est d\u00e9sormais fix\u00e9e \u00e0 l&rsquo;\u00e9ch\u00e9ance 2022, promettant un accompagnement des salari\u00e9s et r\u00e9gions impact\u00e9s, assurant qu&rsquo;il n&rsquo;y aurait pas de \u00ab\u00a0perdants\u00a0\u00bb mais des \u00ab\u00a0adaptations\u00a0\u00bb. Si le Premier-ministre s&rsquo;est bien gard\u00e9 de r\u00e9agir, Edouard Philippe avait toujours affirm\u00e9 jusqu&rsquo;ici que la centrale du Havre durerait au moins jusqu&rsquo;\u00e0 2035 et il semble continuer \u00e0 oeuvrer pour qu&rsquo;il en soit ainsi. Depuis, aucune feuille de route et aucune pr\u00e9cision n&rsquo;ont \u00e9t\u00e9 fournis par Nicolas Hulot sur les modalit\u00e9s de fermeture des centrales \u00e0 charbon, pr\u00e9f\u00e9rant renvoyer \u00e0 la pr\u00e9sentation de la programmation pluriannuelle de l&rsquo;\u00e9nergie annonc\u00e9e pour fin 2018.<\/p>\n<p style=\"text-align: justify;\">Emmanuel Macron, le gouvernement et tout particuli\u00e8rement Nicolas Hulot seraient pourtant bien intentionn\u00e9s d&rsquo;annoncer sans plus tarder, comme r\u00e9ponse appropri\u00e9e \u00e0 la mise en garde rendue publique par le PNUE, un calendrier pr\u00e9cis de fermeture des centrales \u00e0 charbon en France. Histoire d&rsquo;en sortir d\u00e9finitivement \u00e0 l&rsquo;\u00e9chelon hexagonal et de se donner le temps d&rsquo;offrir une reconversion et une s\u00e9curit\u00e9 professionnelles aux quelques dizaines de salari\u00e9s que cela concerne. Sans doute symbolique au regard de la faible consommation de charbon en France, elle n&rsquo;en reste pas moins importante\u00a0: sortir du charbon ne supporte aucune exception.<\/p>\n<p>Maxime Combes<\/p>\n<p style=\"text-align: center;\">*********\u00a0\u00a0\u00a0\u00a0\u00a0\u00a0\u00a0 ********************<\/p>\n<p style=\"text-align: center;\">Commentaires<\/p>\n<p style=\"text-align: justify;\"><strong>Sortie du Charbon en Europe<\/strong> ? Mon oeil :\u00a0 ce matin, sur France Inter, on annonce qu&rsquo;on pourrait avoir des difficult\u00e9s \u00e0 faire fonctionner les centrales nucl\u00e9aires cet hiver et que l&rsquo;on va devoir s&rsquo;appuyer sur les centrales \u00e0 gaz et \u00e0 charbon !<\/p>\n<p style=\"text-align: justify;\"><strong>Sortir du charbon, sortir du gaz, sortir du nucl\u00e9aire\u00a0?<\/strong><br \/>\nLe seul moyen de rendre toutes ces luttes compatibles, et elles le sont !, c&rsquo;est d&rsquo;exiger prioritairement que les investissements aillent \u00e0 une tr\u00e8s rapide transition : r\u00e9orientation massive des investissements des fossiles et du nucl\u00e9aire vers \u00e9conomies d&rsquo;\u00e9nergie, reconversion des travailleurs, \u00e9nergies renouvelables localis\u00e9es et sous contr\u00f4le citoyen &#8230;.. des chantiers \u00e9normes qui vont cr\u00e9er plein d&#8217;emplois\n<\/p>\n<p style=\"text-align: center;\"><img loading=\"lazy\" decoding=\"async\" class=\"alignnone size-medium wp-image-1875\" src=\"http:\/\/www.quieryavenir.fr\/blog\/wp-content\/uploads\/2017\/11\/SalonDames-171104-04-300x241.jpg\" alt=\"\" width=\"300\" height=\"241\" srcset=\"https:\/\/www.quieryavenir.fr\/blog\/wp-content\/uploads\/2017\/11\/SalonDames-171104-04-300x241.jpg 300w, https:\/\/www.quieryavenir.fr\/blog\/wp-content\/uploads\/2017\/11\/SalonDames-171104-04.jpg 374w\" sizes=\"auto, (max-width: 300px) 100vw, 300px\" \/><\/p>\n<p>&nbsp;<\/p>\n","protected":false},"excerpt":{"rendered":"<p>Edouard Philippe va-t-il enfin accepter de fermer celle existant au Havre\u00a0?<\/p>\n","protected":false},"author":2,"featured_media":1873,"comment_status":"closed","ping_status":"closed","sticky":false,"template":"","format":"standard","meta":{"footnotes":""},"categories":[12],"tags":[26,32],"class_list":["post-1878","post","type-post","status-publish","format-standard","has-post-thumbnail","hentry","category-environnement","tag-environnement","tag-objecteur-de-croissance"],"_links":{"self":[{"href":"https:\/\/www.quieryavenir.fr\/blog\/wp-json\/wp\/v2\/posts\/1878","targetHints":{"allow":["GET"]}}],"collection":[{"href":"https:\/\/www.quieryavenir.fr\/blog\/wp-json\/wp\/v2\/posts"}],"about":[{"href":"https:\/\/www.quieryavenir.fr\/blog\/wp-json\/wp\/v2\/types\/post"}],"author":[{"embeddable":true,"href":"https:\/\/www.quieryavenir.fr\/blog\/wp-json\/wp\/v2\/users\/2"}],"replies":[{"embeddable":true,"href":"https:\/\/www.quieryavenir.fr\/blog\/wp-json\/wp\/v2\/comments?post=1878"}],"version-history":[{"count":7,"href":"https:\/\/www.quieryavenir.fr\/blog\/wp-json\/wp\/v2\/posts\/1878\/revisions"}],"predecessor-version":[{"id":1887,"href":"https:\/\/www.quieryavenir.fr\/blog\/wp-json\/wp\/v2\/posts\/1878\/revisions\/1887"}],"wp:featuredmedia":[{"embeddable":true,"href":"https:\/\/www.quieryavenir.fr\/blog\/wp-json\/wp\/v2\/media\/1873"}],"wp:attachment":[{"href":"https:\/\/www.quieryavenir.fr\/blog\/wp-json\/wp\/v2\/media?parent=1878"}],"wp:term":[{"taxonomy":"category","embeddable":true,"href":"https:\/\/www.quieryavenir.fr\/blog\/wp-json\/wp\/v2\/categories?post=1878"},{"taxonomy":"post_tag","embeddable":true,"href":"https:\/\/www.quieryavenir.fr\/blog\/wp-json\/wp\/v2\/tags?post=1878"}],"curies":[{"name":"wp","href":"https:\/\/api.w.org\/{rel}","templated":true}]}}