{"id":3522,"date":"2018-05-19T02:56:09","date_gmt":"2018-05-19T00:56:09","guid":{"rendered":"http:\/\/www.quieryavenir.fr\/blog\/?p=3522"},"modified":"2018-08-06T11:10:12","modified_gmt":"2018-08-06T09:10:12","slug":"la-zad-pendant-lorage","status":"publish","type":"post","link":"https:\/\/www.quieryavenir.fr\/blog\/2018\/05\/19\/la-zad-pendant-lorage\/","title":{"rendered":"La ZAD pendant l\u2019orage"},"content":{"rendered":"<p style=\"text-align: justify;\">JL Godard, G. Coiffard-Grosdoy et M. Astier interviennent<\/p>\n<p><!--more--><\/p>\n<p style=\"text-align: justify;\"><strong>Zad de Notre-Dame-des-Landes\u00a0: face aux gendarmes, les rep\u00e8res d\u2019une militante<\/strong><\/p>\n<p style=\"text-align: justify;\">Article paru sur le site reporterre<\/p>\n<p style=\"text-align: justify;\">Alors que la menace d\u2019une nouvelle intervention de gendarmes sur la Zad se pr\u00e9cise, une militante de longue date propose dans cette tribune des rep\u00e8res pour faire face et ma\u00eetriser, ensemble, collectivement, la peur et la rage.<\/p>\n<p style=\"text-align: justify;\"><a href=\"https:\/\/france.attac.org\/se-mobiliser\/grands-projets-inutiles-et-imposes\/article\/zad-de-notre-dame-des-landes-face-aux-gendarmes-les-reperes-d-une-militante\">https:\/\/france.attac.org\/se-mobiliser\/grands-projets-inutiles-et-imposes\/article\/zad-de-notre-dame-des-landes-face-aux-gendarmes-les-reperes-d-une-militante<\/a><\/p>\n<p style=\"text-align: center;\">*************\u00a0\u00a0\u00a0\u00a0\u00a0\u00a0\u00a0\u00a0\u00a0\u00a0\u00a0\u00a0\u00a0\u00a0\u00a0\u00a0 *********<\/p>\n<p style=\"text-align: center;\"><strong>Comment j\u2019ai \u00e9t\u00e9 bless\u00e9e sur la ZAD<\/strong><\/p>\n<p style=\"text-align: justify;\"><a href=\"https:\/\/reporterre.net\/Comment-j-ai-ete-blessee-sur-la-Zad\">https:\/\/reporterre.net\/Comment-j-ai-ete-blessee-sur-la-Zad<\/a><\/p>\n<p style=\"text-align: justify;\">************\u00a0\u00a0\u00a0\u00a0\u00a0\u00a0\u00a0\u00a0\u00a0\u00a0\u00a0\u00a0 **************<\/p>\n<p style=\"text-align: justify;\"><strong>Lettre du collectif de r\u00e9gisseurs enrag\u00e9s \u00e0 Jean Luc Godard <\/strong><\/p>\n<p style=\"text-align: justify;\">Pour la <em>zbeulification<\/em> du festival de Cannes<\/p>\n<p style=\"text-align: justify;\">Cher Jean-Luc,<\/p>\n<p style=\"text-align: justify;\">On t\u2019\u00e9crit cette lettre alors que tout se bouscule ces derniers jours.<br \/>\nVittorio Taviani et Milos Forman viennent de d\u00e9c\u00e9der.<br \/>\nLes deux ont eu, comme toi, ce talent et cette volont\u00e9 de filmer une jeunesse politique et d\u00e9sinvolte dans les ann\u00e9es 60\/70. Le premier en Italie et le deuxi\u00e8me en Tch\u00e9coslovaquie.<\/p>\n<p style=\"text-align: justify;\">Il y a 50 ans Milos Forman pr\u00e9sentait \u00e0 Cannes <em>Au feu, les pompiers<\/em>. Par solidarit\u00e9 avec le mouvement et <em>l\u2019affaire Langlois<\/em>, il retirait son film de la comp\u00e9tition. Et toi tu en profitais pour foutre le zbeul dans ce festival pour rappeler au monde que l\u2019art se devait d\u2019\u00eatre un engagement et pas qu\u2019un spectacle ou une industrie. Tu devenais le fer de lance d\u2019un mouvement de cin\u00e9astes alors in\u00e9dit. Tu disais\u00a0: <em>Y\u2019a pas un seul film qui montre des probl\u00e8mes ouvriers ou \u00e9tudiants tel qu\u2019ils se passent aujourd\u2019hui. Y\u2019en a pas un seul qui soit fait par Forman, par moi, par Polanski, par Fran\u00e7ois (Truffaut), il n\u2019y en a pas. Nous sommes en retard<\/em>.<\/p>\n<p style=\"text-align: justify;\">Pourtant t\u2019as rarement \u00e9t\u00e9 en retard. Et on pense m\u00eame que tu es un des rares \u00e0 t\u2019\u00eatre pos\u00e9 toutes les bonnes ou mauvaises questions. T\u2019as pas mal fait voler les codes du cin\u00e9ma. Tu es un touche \u00e0 tout, passant de la fiction au documentaire, la vid\u00e9o, la t\u00e9l\u00e9, l\u2019essai sociologique, politique, philosophique, l\u2019\u00e9criture. Tu as su jongler avec les mots, avec la grammaire mais aussi entre l\u2019autonomie et les subventions, le radical et le populaire. Tu as sign\u00e9 des films qui resteront dans l\u2019histoire tant pas leur po\u00e9sie que par leur engagement. Aujourd\u2019hui il fait snob de te citer.<\/p>\n<p style=\"text-align: justify;\">Mais c\u2019est pourtant amusant de te retrouver dans des soir\u00e9es militantes avec <em>ici et ailleurs<\/em> ou dans des soir\u00e9es romantiques avec <em>\u00c0 bout de souffle<\/em> et dans des soir\u00e9es chiantes <em>Tmtc<\/em>. Mais c\u2019est aussi ta richesse de savoir alterner, et surtout de savoir \u00e0 qui parler. Tu nous incites \u00e0 r\u00e9fl\u00e9chir et \u00e0 analyser dans cette soci\u00e9t\u00e9 du pr\u00e9m\u00e2ch\u00e9. Et voil\u00e0 que maintenant, toi, Jean-Luc, 50 ans apr\u00e8s, on te retrouve dans ce putain de festival. Ils ont mis un photogramme de <em>Pierrot le fou<\/em> pour leur affiche. Ils ont s\u00e9lectionn\u00e9 ton dernier film <em>Le livre d\u2019image<\/em> dans leur s\u00e9lection officielle. T\u2019es la reusta gros\u00a0!<\/p>\n<p style=\"text-align: justify;\">Et si on regarde ce qu\u2019il se passe dans le pays actuellement on pourrait presque penser que les programmateurs aiment jouer avec le feu et les blagues de mauvais go\u00fbt. Parce que pour un anniversaire il s\u2019en passe des choses. T\u2019avoueras quand m\u00eame qu\u2019on nage en plein cynisme, <em>so french\u00a0!<\/em><\/p>\n<p style=\"text-align: justify;\">De partout les institutions veulent comm\u00e9morer mai 68 quand de l\u2019autre c\u00f4t\u00e9 on envoie des blind\u00e9s \u00e0 Notre-Dame des Landes ou des CRS pour d\u00e9loger des \u00e9tudiants. Les cheminots se font matraquer, les infirmi\u00e8res m\u00e9priser, les vieux d\u00e9laisser. C\u2019est simple la France est d\u2019une couleur bleue CRS et rouge sang. Marker r\u00e9veille-toi, ils sont devenus fou\u00a0!<br \/>\nOn sait tr\u00e8s bien qu\u2019entre deux matchs de tennis l\u2019actualit\u00e9 ne t\u2019a pas \u00e9chapp\u00e9 et que tu suis avec grande attention ce qu\u2019il se passe.<br \/>\nAlors cher Jean-Luc, cette fois-ci \u00e7a serait con d\u2019\u00eatre en retard. D\u2019autant que t\u2019es tout seul (on ne va pas compter sur Honor\u00e9 ou Briz\u00e9 hein).<br \/>\nT\u2019es le dernier, toi l\u2019immortel. T\u2019as beau avoir 87 piges t\u2019es le dernier des mohicans, le denier des combattant, le punk du cin\u00e9ma fran\u00e7ais.<br \/>\nPuis t\u2019as une revanche \u00e0 prendre. T\u2019as beau avoir fait la nouvelle vague, mai 68, etc., le cin\u00e9ma fran\u00e7ais sonne toujours aussi creux. Il est scl\u00e9ros\u00e9, comme si le mot politique \u00e9tait banni des \u00e9coles de cin\u00e9. Pire, le milieu s\u2019est embourgeois\u00e9 encore plus et on ne peut constater qu\u2019il n\u2019est fait que par des nantis et <em>des fils de<\/em> dans sa grande majorit\u00e9.<br \/>\nNous on r\u00eave.<br \/>\nQue tu arrives t\u00eate haute, 50 ans apr\u00e8s, que tu sois encore l\u00e0 pour les faire chier, pour les faire trembler et nous faire vibrer en mode <em>plus rien \u00e0 foutre, j\u2019envoie tout p\u00e9ter<\/em>.<\/p>\n<p style=\"text-align: justify;\">Voil\u00e0, on t\u2019\u00e9crit juste pour te dire que si dans un \u00e9lan de ouf t\u2019avais envie de foutre le zbeul pour ce cinquantenaire de merde, d\u2019aller au front, que si t\u2019avais encore envie d\u2019envoyer p\u00e9ter ce petit monde bourgeois et centr\u00e9 sur lui-m\u00eame, que si Cannes te foutait encore la gerbe, que si la lutte avait encore un sens pour toi, alors sache qu\u2019on sera l\u00e0, pr\u00eat \u00e0 t\u2019aider, dans une de tes derni\u00e8res batailles.<br \/>\nLe cin\u00e9ma fran\u00e7ais pue la naphtaline et la bourgeoisie malgr\u00e9 toutes tes \u00e9pop\u00e9es. Alors rend lui honneur et d\u00e9fonce lui la gueule. Les br\u00e8ches sont multiples,\u00a0qu\u2019elles soient devant un \u00e9cran, devant un front, devant une ligne de CRS, dans un nuage de lacrymo, sur un blocus de fac, ou dans un cort\u00e8ge de t\u00eate, on est l\u00e0 pr\u00eat \u00e0 faire vaciller ce vieux monde, ensemble.<br \/>\nAlors vas-y Jean-Luc, comme une derni\u00e8re bataille, comme le plus beau des tournages, comme un po\u00e8me que tu sais faire, avec ton langage mais qui ferait \u00e9cho en nous tous\u00a0: nique tout. ZAD A CANNES ET BLOCUS DU PALAIS\u00a0!<\/p>\n<p style=\"text-align: center;\">*****************\u00a0\u00a0\u00a0\u00a0\u00a0\u00a0\u00a0\u00a0\u00a0\u00a0\u00a0\u00a0\u00a0 **************<\/p>\n<p style=\"text-align: justify;\">Un court m\u00e9trage in\u00e9dit de Jean-Luc Godard prend fait et cause pour la ZAD<\/p>\n<p style=\"text-align: center;\"><strong>ATTENTION\u00a0: C\u2019est UN PASTICHE<\/strong><\/p>\n<p style=\"text-align: justify;\">Festival de Cannes\u00a0: Vent d\u2019ouest<\/p>\n<p style=\"text-align: justify;\"><a href=\"https:\/\/lundi.am\/Vent-d-ouest-JL-Godard\">https:\/\/lundi.am\/Vent-d-ouest-JL-Godard<\/a><\/p>\n<p style=\"text-align: justify;\">Autrefois, il n\u2019y avait que des cin\u00e9astes. On ne parlait pas de techniciens. M\u00e9li\u00e8s, Thalberg, Gr\u00e9millon. Les mains des monteuses sovi\u00e9tiques, comme celles des ouvri\u00e8res de la Rhodia, disaient l\u2019exception partout o\u00f9 l\u2019on am\u00e9nageait la r\u00e8gle.<br \/>\nVinci, Darty.<br \/>\nAujourd\u2019hui, c\u2019est le r\u00e8gne des techniciens. Techniciens de grande surface, de t\u00e9l\u00e9 mobile, techniciens de l\u2019audiovisuel, de la gendarmerie.<br \/>\nLe cin\u00e9ma s\u2019est nich\u00e9 dans chaque arcane du capitalisme. La technique a pris le pas sur le geste. Et l\u2019humain a d\u00e9sert\u00e9 l\u2019\u0153il de celui qui regarde.<br \/>\nCeux qui croient \u00e0 la technique la disent objective, l\u00e0 o\u00f9 elle n\u2019est qu\u2019objectif.<br \/>\nObjectif de s\u00e9curit\u00e9, de surveillance, de peur, de mort.<br \/>\nEt la mort, pour ne pas avoir trop peur, a substitu\u00e9 \u00e0 son propre silence non pas un son d\u2019outre-tombe, mais d\u2019outre-vie.<br \/>\nLe son latent de l\u2019agonie, celui du capitalisme, de la catastrophe permanente.<br \/>\nL\u2019industrie et ses machines ont toujours g\u00e9n\u00e9r\u00e9 leur propre musique. Des images et des sons \u00e9mis par la vie, et comme subtilis\u00e9s, retransmis par une agonie et destin\u00e9s \u00e0 la mort, aux structures de la mort.<br \/>\nEt dans ces structures de b\u00e9ton, fleurit toujours dans les interstices, l\u00e0 o\u00f9 l\u2019humidit\u00e9 subsiste encore, cette herbe que l\u2019on dit invasive lorsqu\u2019elle ne fait que nous prot\u00e9ger de l\u2019\u00e9rosion, et c\u2019est le Gourbi, le Far West, les 100 Noms.<br \/>\nInverser la trajectoire, revenir \u00e0 la vie depuis la mort, supprimer l\u2019agonie.<br \/>\nSupprimer l\u2019agonie.\u00a0\u00bb<\/p>\n<p style=\"text-align: center;\"><img loading=\"lazy\" decoding=\"async\" class=\"alignnone size-medium wp-image-3488\" src=\"http:\/\/www.quieryavenir.fr\/blog\/wp-content\/uploads\/2018\/05\/SalonDames-171104-03-235x300.jpg\" alt=\"\" width=\"235\" height=\"300\" srcset=\"https:\/\/www.quieryavenir.fr\/blog\/wp-content\/uploads\/2018\/05\/SalonDames-171104-03-235x300.jpg 235w, https:\/\/www.quieryavenir.fr\/blog\/wp-content\/uploads\/2018\/05\/SalonDames-171104-03.jpg 300w\" sizes=\"auto, (max-width: 235px) 100vw, 235px\" \/><\/p>\n<p style=\"text-align: justify;\">\n<p style=\"text-align: justify;\">\n<p style=\"text-align: justify;\">\n","protected":false},"excerpt":{"rendered":"<p>JL Godard, G. Coiffard-Grosdoy et M. Astier interviennent<\/p>\n","protected":false},"author":2,"featured_media":3497,"comment_status":"closed","ping_status":"closed","sticky":false,"template":"","format":"standard","meta":{"footnotes":""},"categories":[14],"tags":[26,32,34],"class_list":["post-3522","post","type-post","status-publish","format-standard","has-post-thumbnail","hentry","category-politique","tag-environnement","tag-objecteur-de-croissance","tag-tous-ensemble"],"_links":{"self":[{"href":"https:\/\/www.quieryavenir.fr\/blog\/wp-json\/wp\/v2\/posts\/3522","targetHints":{"allow":["GET"]}}],"collection":[{"href":"https:\/\/www.quieryavenir.fr\/blog\/wp-json\/wp\/v2\/posts"}],"about":[{"href":"https:\/\/www.quieryavenir.fr\/blog\/wp-json\/wp\/v2\/types\/post"}],"author":[{"embeddable":true,"href":"https:\/\/www.quieryavenir.fr\/blog\/wp-json\/wp\/v2\/users\/2"}],"replies":[{"embeddable":true,"href":"https:\/\/www.quieryavenir.fr\/blog\/wp-json\/wp\/v2\/comments?post=3522"}],"version-history":[{"count":1,"href":"https:\/\/www.quieryavenir.fr\/blog\/wp-json\/wp\/v2\/posts\/3522\/revisions"}],"predecessor-version":[{"id":3523,"href":"https:\/\/www.quieryavenir.fr\/blog\/wp-json\/wp\/v2\/posts\/3522\/revisions\/3523"}],"wp:featuredmedia":[{"embeddable":true,"href":"https:\/\/www.quieryavenir.fr\/blog\/wp-json\/wp\/v2\/media\/3497"}],"wp:attachment":[{"href":"https:\/\/www.quieryavenir.fr\/blog\/wp-json\/wp\/v2\/media?parent=3522"}],"wp:term":[{"taxonomy":"category","embeddable":true,"href":"https:\/\/www.quieryavenir.fr\/blog\/wp-json\/wp\/v2\/categories?post=3522"},{"taxonomy":"post_tag","embeddable":true,"href":"https:\/\/www.quieryavenir.fr\/blog\/wp-json\/wp\/v2\/tags?post=3522"}],"curies":[{"name":"wp","href":"https:\/\/api.w.org\/{rel}","templated":true}]}}