{"id":3771,"date":"2018-06-24T02:27:50","date_gmt":"2018-06-24T00:27:50","guid":{"rendered":"http:\/\/www.quieryavenir.fr\/blog\/?p=3771"},"modified":"2018-08-06T11:10:10","modified_gmt":"2018-08-06T09:10:10","slug":"le-colibri-ne-suffit-pas","status":"publish","type":"post","link":"https:\/\/www.quieryavenir.fr\/blog\/2018\/06\/24\/le-colibri-ne-suffit-pas\/","title":{"rendered":"Le colibri ne suffit pas"},"content":{"rendered":"<p style=\"text-align: justify;\">C\u2019est \u00e0 grande \u00e9chelle que les choses doivent changer<\/p>\n<p><!--more--><\/p>\n<p style=\"text-align: justify;\">\u00ab\u00a0Bienvenue dans Pr\u00e9sages, le podcast qui questionne l\u2019\u00e9tat de notre monde, les risques d\u2019effondrement de notre civilisation industrielle, et les fa\u00e7ons de se pr\u00e9parer \u00e0 vivre diff\u00e9remment.\u00a0\u00bb Avec ces mots, Alexia Soyeux d\u00e9bute chaque \u00e9pisode de son Podcast \u00ab\u00a0Pr\u00e9sages\u00a0\u00bb.<\/p>\n<p style=\"text-align: justify;\">Pr\u00e9sages sur l\u2019effondrement<\/p>\n<p style=\"text-align: justify;\">Le podcast est ce m\u00e9dia de plus en plus populaire sur Internet, le plus souvent audio, que l\u2019on peut t\u00e9l\u00e9charger et \u00e9couter \u00e0 sa guise sur ordinateur ou t\u00e9l\u00e9phone. Comme de nombreux podcasts, celui <a href=\"https:\/\/soundcloud.com\/presages-podcast\/agnes-sinai-decroissance-et-resilience\">d\u2019Alexia Soyeux est un m\u00e9dia ind\u00e9pendant<\/a> propos\u00e9 gratuitement \u00e0 l\u2019\u00e9coute, il ne s\u2019agit ni d\u2019une \u00e9mission de radio, ni d\u2019un contenu sponsoris\u00e9.<\/p>\n<p style=\"text-align: justify;\">A force de <a href=\"https:\/\/www.presages.fr\/livres\/\">lectures<\/a> et conf\u00e9rences, Alexia Soyeux a fait le lien entre tous les probl\u00e8mes soci\u00e9taux (croissance, climat, in\u00e9galit\u00e9s, migrations) avec un concept\u00a0: l\u2019effondrement. La lecture du livre <a href=\"http:\/\/www.seuil.com\/ouvrage\/comment-tout-peut-s-effondrer-pablo-servigne\/9782021223316\">\u00ab\u00a0Comment tout peut s\u2019effondrer\u00a0\u00bb<\/a> de Pablo Servigne et Rapha\u00ebl Stevens, et la <a href=\"https:\/\/www.youtube.com\/watch?v=ImGLPH3eIdE&amp;list=PL6g6uC6ZfFJkfO1NACqSUUMRg_0AEB3rW\">web s\u00e9rie NEXT<\/a> du r\u00e9alisateur Cl\u00e9ment Monfort l\u2019ont particuli\u00e8rement marqu\u00e9e. Le livre et la web s\u00e9rie traitent d\u2019une nouvelle discipline\u00a0: <a href=\"https:\/\/pabloservigne.com\/expli\/\">la collapsologie<\/a>, une recherche interdisciplinaire sur les ressorts d\u2019un possible effondrement de notre civilisation industrielle.<\/p>\n<p style=\"text-align: justify;\">Forte de toutes ces connaissances et ces questionnements, elle a eu envie de recueillir un t\u00e9moignage plus personnel de ceux qui travaillent sur le sujet avec une question\u00a0: comment arrivent-ils \u00e0 garder le cap et \u00e0 rester joyeux\u00a0? \u00ab\u00a0<em>Les pr\u00e9sages peuvent \u00eatre bons ou mauvais, sur ce qui peut se passer et ce qui risque de se passer. Sur ces sujets, personne ne peut pr\u00e9dire de fa\u00e7on exacte ce qui va arriver, mais c\u2019\u00e9tait important pour moi de r\u00e9pertorier les ressentis et l\u2019intuition des personnes sensibilis\u00e9es \u00e0 ces enjeux.\u00a0<\/em>\u00bb Alexia Soyeux<\/p>\n<p style=\"text-align: justify;\">Une histoire collective sans langue de bois<\/p>\n<p style=\"text-align: justify;\">Les intervenants qu\u2019Alexia Soyeux interroge pour le podcast sont des personnes dont le travail l\u2019a beaucoup inspir\u00e9e, et dont elle respecte la parole ferme et mesur\u00e9e \u00e0 la fois. Parmi eux, tous ne vont pas parler tel quel du terme d\u2019effondrement \u00e0 cause de l\u2019image n\u00e9gative que ce mot entra\u00eene, mais tous sont unanimes sur le fait qu\u2019un changement majeur de nos civilisations s\u2019est enclench\u00e9, \u00ab\u00a0<em>comme le changement climatique qui est lent \u00e0 l\u2019\u00e9chelle de temporalit\u00e9 humaine, mais rapide pour celle de la plan\u00e8te<\/em>\u00a0\u00bb pr\u00e9cise Alexia.<\/p>\n<p style=\"text-align: justify;\">Ayant des m\u00e9tiers et des domaines d\u2019expertise diff\u00e9rents, les intervenants ont des t\u00e9moignages particuli\u00e8rement compl\u00e9mentaires. Alexia Soyeux ne veut<em> \u00ab\u00a0pas \u00eatre optimiste, ni d\u00e9faitiste. Le but du podcast est d\u2019affronter frontalement les sujets sans langue de bois, sans tourner autour du pot. Et \u00e0 partir de l\u00e0, voir ce qu\u2019on peut faire.\u00a0<\/em>\u00bb Pr\u00e9sages participe ainsi \u00e0 ce r\u00e9cit collectif qu\u2019on se raconte en cas d\u2019effondrement. L\u2019invit\u00e9e <a href=\"https:\/\/www.presages.fr\/blog\/2018\/3\/12\/isabelle-delannoy\">Isabelle Delannoy<\/a> fait notamment la distinction entre <em>\u00ab\u00a0l\u2019id\u00e9e romantique du survivalisme, l\u2019homme qui sait vivre seul dans les bois\u00a0\u00bb<\/em> et la n\u00e9cessaire r\u00e9silience collective \u00e0 mettre en place, \u00e9tant donn\u00e9 que nos soci\u00e9t\u00e9s ne connaissent pas encore les conditions climatiques pr\u00e9cises auxquelles elles devront s\u2019adapter. Loin d\u2019un sc\u00e9nario catastrophique \u00e0 la Mad Max, il s\u2019agit donc de se pr\u00e9parer \u00e0 vivre ensemble, diff\u00e9remment, et de cr\u00e9er des \u00e9cosyst\u00e8mes r\u00e9silients, capables de r\u00e9sister aux chocs et d\u2019\u00e9voluer.<\/p>\n<p style=\"text-align: justify;\">Alexia Soyeux demande souvent \u00e0 ses invit\u00e9s comment ils pr\u00e9parent \u00ab\u00a0l\u2019apr\u00e8s\u00a0\u00bb\u00a0: Isabelle Delannoy voudrait cr\u00e9er <a href=\"https:\/\/lareleveetlapeste.fr\/economie-symbiotique-lhumain-ne-soit-plus-parasite-de-terre\/\">un village symbiotique<\/a>, Jean-Marc Jancovici voudrait r\u00e9duire sa d\u00e9pendance \u00e9nerg\u00e9tique, Ga\u00ebl Giraud vit dans une communaut\u00e9 j\u00e9suite, Jean-Marc Gancille essaie d\u2019\u00eatre le plus coh\u00e9rent possible entre ses actes et ses paroles en \u00e9tant d\u00e9j\u00e0 depuis tr\u00e8s longtemps dans une perspective de d\u00e9croissance. C\u2019est justement l\u2019un des termes abord\u00e9s dans l\u2019entretien avec Agn\u00e8s Sina\u00ef. Cette derni\u00e8re d\u00e9finit la d\u00e9croissance comme \u00ab\u00a0<em>une utopie\u00a0: comment vivre de mani\u00e8re \u00e9galitaire dans un monde aux ressources rar\u00e9fi\u00e9es, avec plus de convivialit\u00e9 et moins d\u2019h\u00e9donisme individuel.<\/em>\u00a0\u00bb Pour ses prochains invit\u00e9s, Alexia Soyeux veut donner la parole \u00e0 d\u2019autres chercheurs, mais aussi \u00e0 des artistes, des \u00e9crivains, et des gens de la soci\u00e9t\u00e9 civile.<\/p>\n<p style=\"text-align: justify;\">Alexia Soyeux en est persuad\u00e9e\u00a0: \u00ab\u00a0<em>Le colibri ne suffit pas, c\u2019est \u00e0 grande \u00e9chelle que les choses doivent changer. Il faut profiter du temps qu\u2019il nous reste pour accepter et comprendre les enjeux auxquels nous faisons face, et changer tout ce qui peut l\u2019\u00eatre.\u00a0\u00bb<\/em><\/p>\n<p style=\"text-align: center;\"><img loading=\"lazy\" decoding=\"async\" class=\"alignnone size-medium wp-image-3749\" src=\"http:\/\/www.quieryavenir.fr\/blog\/wp-content\/uploads\/2018\/06\/SalonDames-180505-02-288x300.jpg\" alt=\"\" width=\"288\" height=\"300\" srcset=\"https:\/\/www.quieryavenir.fr\/blog\/wp-content\/uploads\/2018\/06\/SalonDames-180505-02-288x300.jpg 288w, https:\/\/www.quieryavenir.fr\/blog\/wp-content\/uploads\/2018\/06\/SalonDames-180505-02.jpg 300w\" sizes=\"auto, (max-width: 288px) 100vw, 288px\" \/><\/p>\n<p style=\"text-align: justify;\">\n<p style=\"text-align: justify;\">\n","protected":false},"excerpt":{"rendered":"<p>C\u2019est \u00e0 grande \u00e9chelle que les choses doivent changer<\/p>\n","protected":false},"author":2,"featured_media":3758,"comment_status":"closed","ping_status":"closed","sticky":false,"template":"","format":"standard","meta":{"footnotes":""},"categories":[14],"tags":[33,34],"class_list":["post-3771","post","type-post","status-publish","format-standard","has-post-thumbnail","hentry","category-politique","tag-social","tag-tous-ensemble"],"_links":{"self":[{"href":"https:\/\/www.quieryavenir.fr\/blog\/wp-json\/wp\/v2\/posts\/3771","targetHints":{"allow":["GET"]}}],"collection":[{"href":"https:\/\/www.quieryavenir.fr\/blog\/wp-json\/wp\/v2\/posts"}],"about":[{"href":"https:\/\/www.quieryavenir.fr\/blog\/wp-json\/wp\/v2\/types\/post"}],"author":[{"embeddable":true,"href":"https:\/\/www.quieryavenir.fr\/blog\/wp-json\/wp\/v2\/users\/2"}],"replies":[{"embeddable":true,"href":"https:\/\/www.quieryavenir.fr\/blog\/wp-json\/wp\/v2\/comments?post=3771"}],"version-history":[{"count":2,"href":"https:\/\/www.quieryavenir.fr\/blog\/wp-json\/wp\/v2\/posts\/3771\/revisions"}],"predecessor-version":[{"id":3775,"href":"https:\/\/www.quieryavenir.fr\/blog\/wp-json\/wp\/v2\/posts\/3771\/revisions\/3775"}],"wp:featuredmedia":[{"embeddable":true,"href":"https:\/\/www.quieryavenir.fr\/blog\/wp-json\/wp\/v2\/media\/3758"}],"wp:attachment":[{"href":"https:\/\/www.quieryavenir.fr\/blog\/wp-json\/wp\/v2\/media?parent=3771"}],"wp:term":[{"taxonomy":"category","embeddable":true,"href":"https:\/\/www.quieryavenir.fr\/blog\/wp-json\/wp\/v2\/categories?post=3771"},{"taxonomy":"post_tag","embeddable":true,"href":"https:\/\/www.quieryavenir.fr\/blog\/wp-json\/wp\/v2\/tags?post=3771"}],"curies":[{"name":"wp","href":"https:\/\/api.w.org\/{rel}","templated":true}]}}