{"id":5645,"date":"2019-04-04T02:48:58","date_gmt":"2019-04-04T00:48:58","guid":{"rendered":"http:\/\/www.quieryavenir.fr\/blog\/?p=5645"},"modified":"2019-04-03T11:51:18","modified_gmt":"2019-04-03T09:51:18","slug":"il-se-passe-quelque-chose-a-quiery","status":"publish","type":"post","link":"https:\/\/www.quieryavenir.fr\/blog\/2019\/04\/04\/il-se-passe-quelque-chose-a-quiery\/","title":{"rendered":"Il se passe quelque chose \u00e0 Qui\u00e9ry"},"content":{"rendered":"<p style=\"text-align: justify;\">Avis de mise \u00e0 l\u2019enqu\u00eate publique du zonage d\u2019assainissement des eaux us\u00e9es<\/p>\n<p><!--more--><\/p>\n<p style=\"text-align: center;\"><img loading=\"lazy\" decoding=\"async\" class=\"alignnone size-medium wp-image-5639\" src=\"http:\/\/www.quieryavenir.fr\/blog\/wp-content\/uploads\/2019\/04\/EnsembleDeboutPourLeVivant-190427-28-0-228x300.jpg\" alt=\"\" width=\"228\" height=\"300\" srcset=\"https:\/\/www.quieryavenir.fr\/blog\/wp-content\/uploads\/2019\/04\/EnsembleDeboutPourLeVivant-190427-28-0-228x300.jpg 228w, https:\/\/www.quieryavenir.fr\/blog\/wp-content\/uploads\/2019\/04\/EnsembleDeboutPourLeVivant-190427-28-0.jpg 400w\" sizes=\"auto, (max-width: 228px) 100vw, 228px\" \/><\/p>\n<p style=\"text-align: justify;\">En application des dispositions de l&rsquo;arr\u00eat\u00e9 de Monsieur le Directeur G\u00e9n\u00e9ral de Nor\u00e9ade, la R\u00e9gie du SIDEN-SIAN en date du 21 f\u00e9vrier 2019, le zonage d&rsquo;assainissement des eaux us\u00e9es de la Commune de QUIERY-LA-MOTTE, adh\u00e9rente de Nor\u00e9ade, sera soumis \u00e0 l&rsquo;enqu\u00eate publique du Lundi 18 Mars 2019 \u00e0 15h00 au Vendredi 19 Avril 2019 \u00e0 17h30 inclus. Monsieur Pierre DELHUVENNE assumera les fonctions de Commissaire-Enqu\u00eateur.<\/p>\n<p style=\"text-align: justify;\">Pendant le d\u00e9lai susvis\u00e9 :<\/p>\n<p style=\"text-align: justify;\">&#8211; un dossier sera d\u00e9pos\u00e9 \u00e0 la Mairie de QUIERY-LA-MOTTE, aux jours et heures habituels d&rsquo;ouverture de la Mairie, afin que chacun puisse en prendre connaissance et consigner \u00e9ventuellement ses observations sur le registre d&rsquo;enqu\u00eate ou les adresser par \u00e9crit \u00e0 Monsieur le Commissaire Enqu\u00eateur, Mairie de QUIERY-LA-MOTTE, lequel les annexera au registre.<\/p>\n<p style=\"text-align: justify;\">Le dossier est \u00e9galement consultable sur le site www.noreade.fr et les observations peuvent \u00eatre envoy\u00e9es sur l\u2019adresse mail suivante : epzonage.quiery-la-motte@noreade.fr<\/p>\n<p style=\"text-align: justify;\">Ces observations seront \u00e9galement consultables sur le site internet.<\/p>\n<p style=\"text-align: justify;\">&#8211; une permanence sera assur\u00e9e par Monsieur le Commissaire Enqu\u00eateur \u00e0 la Mairie de QUIERY-LA-MOTTE le :<\/p>\n<p style=\"text-align: justify;\">Samedi 6 avril 2019 de 9 H 00 \u00e0 12 H 00<\/p>\n<p style=\"text-align: justify;\">Vendredi 19 avril 2019 de 15 H 00 \u00e0 17 H 30<\/p>\n<p style=\"text-align: justify;\">afin de r\u00e9pondre aux demandes d&rsquo;informations pr\u00e9sent\u00e9es par le public.<\/p>\n<p style=\"text-align: justify;\">Le rapport et les conclusions seront consultables pendant un an en version papier \u00e0 la mairie de QUIERY-LA-MOTTE et en version informatis\u00e9e sur le site internet de Nor\u00e9ade (avec le dossier d\u2019enqu\u00eate publique).<\/p>\n<p style=\"text-align: justify;\">Pour en savoir plus\u00a0:<\/p>\n<p style=\"text-align: justify;\"><strong><a href=\"http:\/\/www.noreade.fr\/enquete_publique\">http:\/\/www.noreade.fr\/enquete_publique<\/a><\/strong><\/p>\n<p style=\"text-align: justify;\">\u00a0Vous y trouverez les documents suivants\u00a0:<\/p>\n<ul style=\"text-align: justify;\">\n<li>Le dossier d\u2019enqu\u00eate publique<\/li>\n<li>L\u2019annexe 5\u00a0: plan de zonage de l\u2019assainissement des eaux us\u00e9es<\/li>\n<li>L\u2019annexe 6\u00a0: le plan des r\u00e9seaux d\u2019assainissement existants<\/li>\n<\/ul>\n<p style=\"text-align: justify;\">Manifestez-vous, allez voir le commissaire enqu\u00eateur ce samedi 6 avril et faites des remarques.<\/p>\n<p style=\"text-align: justify;\">Si vous ne faites rien avant le 19 avril \u00e0 17 h 30, il sera trop tard.<\/p>\n<p style=\"text-align: center;\"><img loading=\"lazy\" decoding=\"async\" class=\"alignnone size-medium wp-image-5641\" src=\"http:\/\/www.quieryavenir.fr\/blog\/wp-content\/uploads\/2019\/04\/SalonDames-190306-04-300x244.jpg\" alt=\"\" width=\"300\" height=\"244\" srcset=\"https:\/\/www.quieryavenir.fr\/blog\/wp-content\/uploads\/2019\/04\/SalonDames-190306-04-300x244.jpg 300w, https:\/\/www.quieryavenir.fr\/blog\/wp-content\/uploads\/2019\/04\/SalonDames-190306-04.jpg 369w\" sizes=\"auto, (max-width: 300px) 100vw, 300px\" \/><\/p>\n","protected":false},"excerpt":{"rendered":"<p>Avis de mise \u00e0 l\u2019enqu\u00eate publique du zonage d\u2019assainissement des eaux us\u00e9es<\/p>\n","protected":false},"author":2,"featured_media":0,"comment_status":"closed","ping_status":"closed","sticky":false,"template":"","format":"standard","meta":{"footnotes":""},"categories":[12],"tags":[23,26],"class_list":["post-5645","post","type-post","status-publish","format-standard","hentry","category-environnement","tag-eau","tag-environnement"],"_links":{"self":[{"href":"https:\/\/www.quieryavenir.fr\/blog\/wp-json\/wp\/v2\/posts\/5645","targetHints":{"allow":["GET"]}}],"collection":[{"href":"https:\/\/www.quieryavenir.fr\/blog\/wp-json\/wp\/v2\/posts"}],"about":[{"href":"https:\/\/www.quieryavenir.fr\/blog\/wp-json\/wp\/v2\/types\/post"}],"author":[{"embeddable":true,"href":"https:\/\/www.quieryavenir.fr\/blog\/wp-json\/wp\/v2\/users\/2"}],"replies":[{"embeddable":true,"href":"https:\/\/www.quieryavenir.fr\/blog\/wp-json\/wp\/v2\/comments?post=5645"}],"version-history":[{"count":1,"href":"https:\/\/www.quieryavenir.fr\/blog\/wp-json\/wp\/v2\/posts\/5645\/revisions"}],"predecessor-version":[{"id":5646,"href":"https:\/\/www.quieryavenir.fr\/blog\/wp-json\/wp\/v2\/posts\/5645\/revisions\/5646"}],"wp:attachment":[{"href":"https:\/\/www.quieryavenir.fr\/blog\/wp-json\/wp\/v2\/media?parent=5645"}],"wp:term":[{"taxonomy":"category","embeddable":true,"href":"https:\/\/www.quieryavenir.fr\/blog\/wp-json\/wp\/v2\/categories?post=5645"},{"taxonomy":"post_tag","embeddable":true,"href":"https:\/\/www.quieryavenir.fr\/blog\/wp-json\/wp\/v2\/tags?post=5645"}],"curies":[{"name":"wp","href":"https:\/\/api.w.org\/{rel}","templated":true}]}}