{"id":7261,"date":"2020-05-03T03:51:53","date_gmt":"2020-05-03T01:51:53","guid":{"rendered":"http:\/\/www.quieryavenir.fr\/blog\/?p=7261"},"modified":"2020-04-28T15:51:45","modified_gmt":"2020-04-28T13:51:45","slug":"non-a-tropicalia","status":"publish","type":"post","link":"https:\/\/www.quieryavenir.fr\/blog\/2020\/05\/03\/non-a-tropicalia\/","title":{"rendered":"Non \u00e0 Tropicalia\u00a0 \u00a0"},"content":{"rendered":"<h2 style=\"text-align: justify;\"><strong>Quelques nouvelles de notre Collectif et des actions entreprises.<\/strong><\/h2>\n<p style=\"text-align: justify;\"><img loading=\"lazy\" decoding=\"async\" class=\"wp-image-7253 aligncenter\" src=\"http:\/\/www.quieryavenir.fr\/blog\/wp-content\/uploads\/2020\/04\/Tracing-200427-3-270x300.jpg\" alt=\"\" width=\"377\" height=\"419\" srcset=\"https:\/\/www.quieryavenir.fr\/blog\/wp-content\/uploads\/2020\/04\/Tracing-200427-3-270x300.jpg 270w, https:\/\/www.quieryavenir.fr\/blog\/wp-content\/uploads\/2020\/04\/Tracing-200427-3.jpg 500w\" sizes=\"auto, (max-width: 377px) 100vw, 377px\" \/><\/p>\n<p><!--more--><\/p>\n<ul style=\"text-align: justify;\">\n<li>Nous remettons en PJ notre Appel qui est maintenant soutenu par 32 associations<\/li>\n<\/ul>\n<p style=\"text-align: justify;\"><a href=\"http:\/\/www.quieryavenir.fr\/blog\/wp-content\/uploads\/2020\/04\/Appel-Non-Tropicalia-soutenu-par-32-associations.pdf\">Appel Non Tropicalia soutenu par 32 associations<\/a><\/p>\n<p style=\"text-align: justify;\"><a href=\"http:\/\/www.quieryavenir.fr\/blog\/wp-content\/uploads\/2020\/04\/Tropicalia_Liste-des-associations.pdf\">Tropicalia_Liste des associations<\/a><\/p>\n<p style=\"text-align: justify;\">La liste n\u2019est pas close, merci \u00e0 vous d\u2019inciter d\u2019autres associations \u00e0 venir nous rejoindre.<\/p>\n<ul style=\"text-align: justify;\">\n<li>Bien s\u00fbr en ces temps de confinement, la mobilisation contre ce projet a d\u00fb s\u2019adapter, elle se fait essentiellement \u00e0 partir des r\u00e9seaux sociaux et a besoin de vous tous\u00a0:<\/li>\n<\/ul>\n<p style=\"text-align: justify;\">-Nous avons cr\u00e9\u00e9 un page Facebook \u00ab\u00a0Non \u00e0 Tropicalia\u00a0\u00bb afin de nous rendre visibles. Merci \u00e0 vous de l\u2019<em>aimer<\/em>, de la partager massivement, de participer aux discussions. Montrons, sans invectives inutiles, que ce projet est un non-sens absolu et qu\u2019une r\u00e9elle opposition existe.<\/p>\n<p style=\"text-align: justify;\"><a href=\"https:\/\/www.facebook.com\/Non-\u00e0-Tropicalia-101129174859624\">https:\/\/www.facebook.com\/Non-\u00e0-Tropicalia-101129174859624<\/a><\/p>\n<p style=\"text-align: justify;\">-Nous avons lanc\u00e9 en f\u00e9vrier une Cyber@ction, certains d\u2019entre vous l\u2019ont relay\u00e9e, d\u2019autres pas encore. Nos \u00ab\u00a0adversaires\u00a0\u00bb scrutent le nombre de participants, il est important que cette action soit un franc succ\u00e8s, il en va de notre cr\u00e9dibilit\u00e9. Merci \u00e0 vous de la relayer ou de la relayer \u00e0 nouveau sur vos r\u00e9seaux sociaux.<\/p>\n<p style=\"text-align: justify;\"><a href=\"https:\/\/www.cyberacteurs.org\/cyberactions\/nonyatropicalia-3617html\">https:\/\/www.cyberacteurs.org\/cyberactions\/nonyatropicalia-3617html<\/a><\/p>\n<ul style=\"text-align: justify;\">\n<li>Sur le plan juridique, le GDEAM 62 a d\u00e9pos\u00e9 un recours contre le permis de construire. Cette association a un \u00ab\u00a0<em>int\u00e9r\u00eat \u00e0 agir<\/em>\u00bb puisque son p\u00e9rim\u00e8tre d\u2019action est tr\u00e8s proche du projet. Le GDEAM est seul \u00e0 porter ce recours, un moyen simple de les soutenir est d\u2019y adh\u00e9rer.<\/li>\n<\/ul>\n<p style=\"text-align: justify;\">Merci \u00e0 toutes et tous de vous mobiliser contre ce projet, projet qui appartient \u00e0 l\u2019autre monde, celui dont nous ne voulons plus pour demain.<\/p>\n<p style=\"text-align: justify;\">Pour le Collectif \u00ab\u00a0Non \u00e0 Tropicalia\u00a0\u00bb<\/p>\n<p style=\"text-align: justify;\">Jean-Michel Jedraszak<\/p>\n","protected":false},"excerpt":{"rendered":"<p>Quelques nouvelles de notre Collectif et des actions entreprises.<\/p>\n","protected":false},"author":2,"featured_media":0,"comment_status":"closed","ping_status":"closed","sticky":false,"template":"","format":"standard","meta":{"footnotes":""},"categories":[1],"tags":[],"class_list":["post-7261","post","type-post","status-publish","format-standard","hentry","category-non-classe"],"_links":{"self":[{"href":"https:\/\/www.quieryavenir.fr\/blog\/wp-json\/wp\/v2\/posts\/7261","targetHints":{"allow":["GET"]}}],"collection":[{"href":"https:\/\/www.quieryavenir.fr\/blog\/wp-json\/wp\/v2\/posts"}],"about":[{"href":"https:\/\/www.quieryavenir.fr\/blog\/wp-json\/wp\/v2\/types\/post"}],"author":[{"embeddable":true,"href":"https:\/\/www.quieryavenir.fr\/blog\/wp-json\/wp\/v2\/users\/2"}],"replies":[{"embeddable":true,"href":"https:\/\/www.quieryavenir.fr\/blog\/wp-json\/wp\/v2\/comments?post=7261"}],"version-history":[{"count":2,"href":"https:\/\/www.quieryavenir.fr\/blog\/wp-json\/wp\/v2\/posts\/7261\/revisions"}],"predecessor-version":[{"id":7263,"href":"https:\/\/www.quieryavenir.fr\/blog\/wp-json\/wp\/v2\/posts\/7261\/revisions\/7263"}],"wp:attachment":[{"href":"https:\/\/www.quieryavenir.fr\/blog\/wp-json\/wp\/v2\/media?parent=7261"}],"wp:term":[{"taxonomy":"category","embeddable":true,"href":"https:\/\/www.quieryavenir.fr\/blog\/wp-json\/wp\/v2\/categories?post=7261"},{"taxonomy":"post_tag","embeddable":true,"href":"https:\/\/www.quieryavenir.fr\/blog\/wp-json\/wp\/v2\/tags?post=7261"}],"curies":[{"name":"wp","href":"https:\/\/api.w.org\/{rel}","templated":true}]}}