{"id":9458,"date":"2021-05-17T02:36:11","date_gmt":"2021-05-17T00:36:11","guid":{"rendered":"https:\/\/www.quieryavenir.fr\/blog\/?p=9458"},"modified":"2021-05-17T16:55:59","modified_gmt":"2021-05-17T14:55:59","slug":"exterminons-lhumanite","status":"publish","type":"post","link":"https:\/\/www.quieryavenir.fr\/blog\/2021\/05\/17\/exterminons-lhumanite\/","title":{"rendered":"Exterminons l\u2019humanit\u00e9"},"content":{"rendered":"<p><img loading=\"lazy\" decoding=\"async\" class=\"wp-image-9451 aligncenter\" src=\"https:\/\/www.quieryavenir.fr\/blog\/wp-content\/uploads\/2021\/05\/Macron-210419-202x300.jpg\" alt=\"\" width=\"383\" height=\"569\" srcset=\"https:\/\/www.quieryavenir.fr\/blog\/wp-content\/uploads\/2021\/05\/Macron-210419-202x300.jpg 202w, https:\/\/www.quieryavenir.fr\/blog\/wp-content\/uploads\/2021\/05\/Macron-210419.jpg 419w\" sizes=\"auto, (max-width: 383px) 100vw, 383px\" \/><\/p>\n<h4><strong>Commen\u00e7ons par les enfants <\/strong><\/h4>\n<p><!--more--><\/p>\n<p style=\"text-align: right;\"><strong>Le 17 mai 2021, jour 62 de l&rsquo;an de disgr\u00e2ce 02<\/strong><\/p>\n<p style=\"text-align: justify;\"><strong>Projet de loi<\/strong><\/p>\n<p style=\"text-align: justify;\">En tant que citoyenne, je souhaite participer \u00e0 la protection de la population fran\u00e7aise contre le COVID 19. Je propose de modestes id\u00e9es pour aider l\u2019\u00c9tat fran\u00e7ais dans sa p\u00e9nible t\u00e2che de gestion sanitaire.<\/p>\n<p style=\"text-align: justify;\">Je soumets ainsi l\u2019\u00e9bauche d\u2019un projet de loi. J\u2019essaie de voir comment les parlementaires font d\u2019habitude et je me lance.<\/p>\n<p style=\"text-align: justify;\">Cette loi pourrait s\u2019inscrire dans celle contre le s\u00e9paratisme et \u00eatre ins\u00e9r\u00e9e dans un volet \u00ab bonnes pratiques en temps de COVID 19 \u00bb. C\u2019est bien comme \u00e7a qu\u2019ils proc\u00e8dent ?<\/p>\n<p style=\"text-align: justify;\">Elle a trait \u00e0 la r\u00e9ouverture des \u00e9coles, et plus pr\u00e9cis\u00e9ment \u00e0 la gestion des repas \u00e0 la <strong>cantine, lieu privil\u00e9gi\u00e9 entre tous pour la propagation du coronavirus<\/strong>.<\/p>\n<p style=\"text-align: justify;\">Le texte pourrait \u00eatre le suivant :<\/p>\n<p style=\"text-align: justify;\"><strong>Pr\u00e9ambule<\/strong><\/p>\n<p style=\"text-align: justify;\">La France fait une proposition audacieuse au sein de l\u2019Union Europ\u00e9enne. Elle compte sur la compr\u00e9hension de la population fran\u00e7aise qui saisira le bien-fond\u00e9 d\u2019une telle d\u00e9cision exceptionnelle. \u00c0 situation exceptionnelle, d\u00e9cisions exceptionnelles. Le gouvernement pourra, par la suite, faire entrer la loi d\u2019urgence dans le droit commun\u00a0; c\u2019est un cas de figure qui n\u2019est, lui, plus exceptionnel (humour de parlementaire).<\/p>\n<p style=\"text-align: justify;\">Vu le non respect de la Convention Internationale des Droits de l\u2019Enfant dont se rend coupable l\u2019\u00c9tat fran\u00e7ais, notamment des articles 3, 28, 29 et 31,<\/p>\n<p style=\"text-align: justify;\">Vu la maltraitance physique d\u00e9j\u00e0 exerc\u00e9e par l\u2019\u00c9tat fran\u00e7ais, notamment l\u2019ouverture des fen\u00eatres des classes en plein hiver (2\u00b0C au plus chaud de la journ\u00e9e) pour l\u2019a\u00e9ration des classes,<\/p>\n<p style=\"text-align: justify;\">Vu les d\u00e9g\u00e2ts dans l\u2019apprentissage des \u00e9motions et de la construction c\u00e9r\u00e9brale des nourrissons en cr\u00e8ches du fait que les adultes portent des masques en permanence, entra\u00eenant des lacunes irr\u00e9versibles dans l\u2019acquisition du langage et la socialisation des enfants,<\/p>\n<p style=\"text-align: justify;\">Vu la maltraitance due au non respect des rythmes biologiques des enfants r\u00e9clamant de la r\u00e9gularit\u00e9 pour que des fonctions cognitives puissent se mettre en place et fonctionner normalement,<\/p>\n<p style=\"text-align: justify;\">Vu le tabou des relations sociales et humaines qu\u2019entra\u00eene chez les enfants l\u2019interdiction de toucher les autres et d\u2019\u00eatre touch\u00e9s par eux,<\/p>\n<p style=\"text-align: justify;\">Vue la maltraitance psychique due \u00e0 l\u2019angoisse transmise aux enfants par des adultes au bord de la crise de nerfs avec lesquels ils sont enferm\u00e9s en permanence (scenario du type\u00a0: \u00ab\u00a0papa tape maman tous les jours\u00a0\u00bb, \u00ab\u00a0maman est sous cachetons \u00e0 longueur de journ\u00e9e\u00a0\u00bb ou \u00ab\u00a0papa a tu\u00e9 maman, y\u2019a une grosse flaque de sang dans la cuisine\u00a0\u00bb)<\/p>\n<p style=\"text-align: justify;\">Vu un accroissement des comportements suicidaires chez les moins de 15 ans,<\/p>\n<p style=\"text-align: justify;\">Vu le visionnage accru de films pornos par des enfants pr\u00e9 pub\u00e8res laiss\u00e9s sans surveillance ni accompagnement dans la d\u00e9couverte et l\u2019utilisation des nouvelles technologies,<\/p>\n<p style=\"text-align: justify;\">Et ce, malgr\u00e9 le peu de contaminations des enfants par le COVID 19 et celle due aux enfants,<\/p>\n<p style=\"text-align: justify;\">Et parce que nous pensons que les plus jeunes peuvent bien se sacrifier pour les plus vieux,<\/p>\n<p style=\"text-align: justify;\"><strong>Proposition<\/strong><\/p>\n<p style=\"text-align: justify;\">Nous jugeons dommageable de nous arr\u00eater en si bon chemin et nous nous sentons l\u00e9gitimes \u00e0 <strong>interdire aux enfants de manger \u00e0 l\u2019heure du repas de midi quand celui-ci se d\u00e9roule en collectivit\u00e9 \u00e0 la cantine de leur \u00e9tablissement scolaire<\/strong>.<\/p>\n<p style=\"text-align: justify;\">Nous proposons une mise en place \u00e9chelonn\u00e9e de la loi\u00a0:<\/p>\n<p style=\"text-align: justify;\"><strong>\u00c9tape num\u00e9ro 1<\/strong>\u00a0: volet p\u00e9dagogique. Distribution \u00e0 l\u2019adresse de toutes les familles de m\u00e9tropole et d\u2019outre-mer de plaquettes explicatives de la loi via internet. L\u2019application de la loi r\u00e9publicaine ne doit pas se faire contre la population mais avec son accord. Nous croyons profond\u00e9ment qu\u2019un citoyen bien inform\u00e9 est un citoyen de bonne volont\u00e9. Pour ce faire, nous acc\u00e9l\u00e9rerons le d\u00e9ploiement de la 5G, urgence oblige.<\/p>\n<p style=\"text-align: justify;\"><strong>\u00c9tape num\u00e9ro 2<\/strong>\u00a0: volet r\u00e9pressif policier. Les familles toujours r\u00e9calcitrantes \u00e0 l\u2019id\u00e9e de laisser leurs enfants sans manger durant 10H d\u2019affil\u00e9e se verront imposer une peine de prison ferme. Pour rendre l\u2019exercice de la police plus efficace, nous n\u2019h\u00e9siterons pas \u00e0 nous servir dans le budget de l\u2019h\u00f4pital afin de pourvoir les forces de l\u2019ordre en mat\u00e9riel jug\u00e9 indispensable au r\u00e9tablissement de l\u2019ordre public \u2013 type LBD, grenade lacrymog\u00e8ne, grenade assourdissante, etc.<\/p>\n<p style=\"text-align: justify;\"><strong>\u00c9tape num\u00e9ro 3<\/strong>\u00a0: volet r\u00e9pressif militaire. Intervention de l\u2019arm\u00e9e et incarc\u00e9ration des familles d\u00e9linquantes dans des camps de redressement bienveillants\u00a0: accompagnement par des moniteurs sp\u00e9cialement form\u00e9s au <em>care<\/em>, horaires strictes pour emp\u00eacher l\u2019avachissement moral, port de l\u2019uniforme obligatoire, lev\u00e9e des couleurs chaque matin, etc.<\/p>\n<p style=\"text-align: justify;\">Nous esp\u00e9rons ne pas avoir recours \u00e0 l\u2019<strong>\u00e9tape num\u00e9ro 4<\/strong>, ce qui nous fendrait le c\u0153ur (mais on l\u2019a quand-m\u00eame pr\u00e9vue)\u00a0: ex\u00e9cution, devant le Mur du Bon Citoyen, de l\u2019ensemble des membres d\u2019une famille refusant d\u2019abjurer la croyance stupide en une vie meilleure.<\/p>\n<p style=\"text-align: justify;\">Nous proposerons, bien \u00e9videmment, entre midi et deux, des activit\u00e9s adapt\u00e9es \u00e0 l\u2019\u00e2ge des enfants. Pour ce faire, les services de P\u00f4le Emploi et de la CAF auront toute l\u00e9gitimit\u00e9 pour d\u00e9signer arbitrairement des ch\u00f4meurs en fin de droits et des allocataires du RSA que les collectivit\u00e9s territoriales engageront en contrats pr\u00e9caires et payeront des cacahu\u00e8tes. On ne va pas donner des salaires de ministres \u00e0 des fain\u00e9ants pour torcher le cul des mouflets.<\/p>\n<p style=\"text-align: justify;\">Il sera demand\u00e9 aux enfants d\u2019\u00eatre ob\u00e9issants et de ne pas r\u00e9clamer ind\u00fbment \u00e0 manger.<\/p>\n<p style=\"text-align: justify;\">Si un enfant refuse d\u2019entendre raison, c\u2019est punition s\u00e9v\u00e8re directe sans sommations. R\u00e9-instauration du bonnet d\u2019\u00e2ne, des coups de r\u00e8gles sur les doigts, du martinet, des humiliations publiques, etc.<\/p>\n<p style=\"text-align: justify;\"><strong>Cas particulier des enfants de maternelle\u00a0<\/strong>:<\/p>\n<p style=\"text-align: justify;\">Si l\u2019enfant devant \u00eatre sanctionn\u00e9 est en classe maternelle, confiscation du doudou, m\u00eame et surtout s\u2019il le demande, y compris si l\u2019enfant peine \u00e0 \u00e9touffer ses sanglots, regarde l\u2019adulte d\u2019un air effray\u00e9 et ne comprend pas ce qui se passe. Pas de sensiblerie de mise chez les adultes citoyens. Et si le jeune contrevenant s\u2019ent\u00eate dans sa r\u00e9bellion, ex\u00e9cution du dit doudou au milieu de la cour de l\u2019\u00e9cole en pr\u00e9sence des autorit\u00e9s de l\u2019\u00e9tablissement et de l\u2019ensemble des \u00e9l\u00e8ves, et ce pour l\u2019\u00e9dification des jeunes esprits et pour les dissuader de tomber dans une id\u00e9ologie d\u00e9l\u00e9t\u00e8re. Nous sugg\u00e9rons la sonnerie aux morts en fond musical, durant l\u2019ex\u00e9cution (panel d\u2019enregistrements t\u00e9l\u00e9chargeables gratuitement sur les sites du gouvernement, du minist\u00e8re de l\u2019\u00e9ducation nationale et du minist\u00e8re de la d\u00e9fense).<\/p>\n<p style=\"text-align: justify;\">Les programmes de nos petits maternels auront \u00e9t\u00e9 pr\u00e9alablement ajust\u00e9s \u00e0 l\u2019actualit\u00e9 et il leur aura \u00e9t\u00e9 demand\u00e9 de construire en classe, avec leur enseignant, de petites potences adapt\u00e9es \u00e0 la taille approximative d\u2019un doudou, de petites panoplies d\u2019\u00e9cart\u00e8lement, de piloris et de b\u00fbchers miniatures, etc, selon l\u2019inspiration du camarade enseignant \u2013 avec mat\u00e9riaux de r\u00e9cup\u00e9ration, peu on\u00e9reux et \u00e9cologiques.<\/p>\n<p style=\"text-align: justify;\">Les initiatives personnelles sont les bienvenues tant qu\u2019il s\u2019agit d\u2019honorer la grandeur de l\u2019\u00c9tat fran\u00e7ais et d\u2019enrichir les grandes entreprises qui se nourrissent dessus.<\/p>\n<p style=\"text-align: justify;\"><strong>Ensemble, construisons un monde plus juste et plus accueillant<\/strong>.<\/p>\n<p style=\"text-align: justify;\"><a href=\"https:\/\/www.catdp.org\/2021\/05\/projet-de-loi-exterminons-lhumanite.html\">https:\/\/www.catdp.org\/2021\/05\/projet-de-loi-exterminons-lhumanite.html<\/a><\/p>\n","protected":false},"excerpt":{"rendered":"<p>Commen\u00e7ons par les enfants<\/p>\n","protected":false},"author":2,"featured_media":0,"comment_status":"closed","ping_status":"closed","sticky":false,"template":"","format":"standard","meta":{"footnotes":""},"categories":[1],"tags":[],"class_list":["post-9458","post","type-post","status-publish","format-standard","hentry","category-non-classe"],"_links":{"self":[{"href":"https:\/\/www.quieryavenir.fr\/blog\/wp-json\/wp\/v2\/posts\/9458","targetHints":{"allow":["GET"]}}],"collection":[{"href":"https:\/\/www.quieryavenir.fr\/blog\/wp-json\/wp\/v2\/posts"}],"about":[{"href":"https:\/\/www.quieryavenir.fr\/blog\/wp-json\/wp\/v2\/types\/post"}],"author":[{"embeddable":true,"href":"https:\/\/www.quieryavenir.fr\/blog\/wp-json\/wp\/v2\/users\/2"}],"replies":[{"embeddable":true,"href":"https:\/\/www.quieryavenir.fr\/blog\/wp-json\/wp\/v2\/comments?post=9458"}],"version-history":[{"count":5,"href":"https:\/\/www.quieryavenir.fr\/blog\/wp-json\/wp\/v2\/posts\/9458\/revisions"}],"predecessor-version":[{"id":9526,"href":"https:\/\/www.quieryavenir.fr\/blog\/wp-json\/wp\/v2\/posts\/9458\/revisions\/9526"}],"wp:attachment":[{"href":"https:\/\/www.quieryavenir.fr\/blog\/wp-json\/wp\/v2\/media?parent=9458"}],"wp:term":[{"taxonomy":"category","embeddable":true,"href":"https:\/\/www.quieryavenir.fr\/blog\/wp-json\/wp\/v2\/categories?post=9458"},{"taxonomy":"post_tag","embeddable":true,"href":"https:\/\/www.quieryavenir.fr\/blog\/wp-json\/wp\/v2\/tags?post=9458"}],"curies":[{"name":"wp","href":"https:\/\/api.w.org\/{rel}","templated":true}]}}